{"id":10746,"date":"2025-08-16T12:04:38","date_gmt":"2025-08-16T15:04:38","guid":{"rendered":"https:\/\/lalupa24.com.ar\/?p=10746"},"modified":"2025-08-16T12:04:39","modified_gmt":"2025-08-16T15:04:39","slug":"mayans-milei-no-sabe-donde-esta-parado","status":"publish","type":"post","link":"https:\/\/lalupa24.com.ar\/index.php\/2025\/08\/16\/mayans-milei-no-sabe-donde-esta-parado\/","title":{"rendered":"Mayans: \u201cMilei no sabe d\u00f3nde est\u00e1 parado\u201d"},"content":{"rendered":"\n<p>El jefe del bloque de UP en el Senado acus\u00f3 al presidente de impulsar un \u201cesquema de gobierno que lleva a la Argentina a la ruina\u201d.<\/p>\n\n\n\n<p>El jefe del bloque de Uni\u00f3n por la Patria en el Senado, Jos\u00e9 Mayans, asegur\u00f3 hoy que el presidente Javier Milei \u201cno sabe d\u00f3nde est\u00e1 parado\u201d y lo acus\u00f3 de llevar adelante un \u201cesquema de gobierno\u201d que est\u00e1 conduciendo a la Argentina \u201ca la ruina\u201d.<\/p>\n\n\n\n<p>\u201cMilei no sabe d\u00f3nde est\u00e1 parado. Lleg\u00f3 sin pensarlo a la presidencia de la Naci\u00f3n. Compr\u00f3 un programa econ\u00f3mico que era para Patricia Bullrich. \u00c9l hablaba muy mal de (los ministros Luis) Caputo y (Federico) Sturzenegger\u201d, record\u00f3 el formose\u00f1o.<\/p>\n\n\n\n<p>En declaraciones televisivas, afirm\u00f3 que \u201ceste esquema de gobierno lleva a la Argentina a la ruina\u201d.<\/p>\n\n\n\n<p>Entre otros cuestiones, Mayans cuestion\u00f3 el programa de endeudamiento y asever\u00f3 que \u201cArgentina no puede afrontar los vencimientos de deuda\u201d.<\/p>\n\n\n\n<p>Tambi\u00e9n puso en duda el super\u00e1vit fiscal que alardea el Gobierno y, al respecto, dijo que esa cuenta est\u00e1 ama\u00f1ada porque no considera las deudas crecientes con las provincias.<\/p>\n\n\n\n<p>\u201cA la provincia de Buenos Aires el Gobierno nacional le debe 12 billones\u201d, ejemplific\u00f3.<\/p>\n\n\n\n<p>Por otra parte, el senador peronista critic\u00f3 que el Gobierno no haya discutido un Presupuesto nacional en lo que lleva de mandato.<\/p>\n\n\n\n<p>&#8220;Hay que discutir en el Parlamento el presupuesto nacional. Lo primero que se discute es el gasto social, despu\u00e9s los servicios econ\u00f3micos, de seguridad y defensa, despu\u00e9s el Estado mismo y despu\u00e9s la relaci\u00f3n con las provincias y el programa de inversi\u00f3n&#8221;, detall\u00f3.<\/p>\n\n\n\n<p>Para Mayans, la falta de Presupuesto es una evidente muestra de que \u201ctenemos un gobierno que desconoce el sistema representativo, republicano y federal de Gobierno\u201d.<\/p>\n\n\n\n<p>\u201cMilei no quiere que funcione el Parlamento. El decreto 70\/23 es un avasallamiento al Congreso nacional. Es violatorio de la Constituci\u00f3n nacional\u201d, denunci\u00f3.<\/p>\n","protected":false},"excerpt":{"rendered":"<p>El jefe del bloque de UP en el Senado acus\u00f3 al presidente de impulsar un \u201cesquema de gobierno que lleva a la Argentina a la ruina\u201d. El jefe del bloque de Uni\u00f3n por la Patria en el Senado, Jos\u00e9 Mayans, asegur\u00f3 hoy que el presidente Javier Milei \u201cno sabe d\u00f3nde est\u00e1 parado\u201d y lo acus\u00f3 [&hellip;]<\/p>\n","protected":false},"author":11,"featured_media":10747,"comment_status":"open","ping_status":"open","sticky":false,"template":"","format":"standard","meta":{"footnotes":""},"categories":[26],"tags":[],"class_list":{"0":"post-10746","1":"post","2":"type-post","3":"status-publish","4":"format-standard","5":"has-post-thumbnail","7":"category-nacionales"},"aioseo_notices":[],"_links":{"self":[{"href":"https:\/\/lalupa24.com.ar\/index.php\/wp-json\/wp\/v2\/posts\/10746","targetHints":{"allow":["GET"]}}],"collection":[{"href":"https:\/\/lalupa24.com.ar\/index.php\/wp-json\/wp\/v2\/posts"}],"about":[{"href":"https:\/\/lalupa24.com.ar\/index.php\/wp-json\/wp\/v2\/types\/post"}],"author":[{"embeddable":true,"href":"https:\/\/lalupa24.com.ar\/index.php\/wp-json\/wp\/v2\/users\/11"}],"replies":[{"embeddable":true,"href":"https:\/\/lalupa24.com.ar\/index.php\/wp-json\/wp\/v2\/comments?post=10746"}],"version-history":[{"count":1,"href":"https:\/\/lalupa24.com.ar\/index.php\/wp-json\/wp\/v2\/posts\/10746\/revisions"}],"predecessor-version":[{"id":10748,"href":"https:\/\/lalupa24.com.ar\/index.php\/wp-json\/wp\/v2\/posts\/10746\/revisions\/10748"}],"wp:featuredmedia":[{"embeddable":true,"href":"https:\/\/lalupa24.com.ar\/index.php\/wp-json\/wp\/v2\/media\/10747"}],"wp:attachment":[{"href":"https:\/\/lalupa24.com.ar\/index.php\/wp-json\/wp\/v2\/media?parent=10746"}],"wp:term":[{"taxonomy":"category","embeddable":true,"href":"https:\/\/lalupa24.com.ar\/index.php\/wp-json\/wp\/v2\/categories?post=10746"},{"taxonomy":"post_tag","embeddable":true,"href":"https:\/\/lalupa24.com.ar\/index.php\/wp-json\/wp\/v2\/tags?post=10746"}],"curies":[{"name":"wp","href":"https:\/\/api.w.org\/{rel}","templated":true}]}}