{"id":10749,"date":"2025-08-16T14:08:00","date_gmt":"2025-08-16T17:08:00","guid":{"rendered":"https:\/\/lalupa24.com.ar\/?p=10749"},"modified":"2025-08-16T12:09:35","modified_gmt":"2025-08-16T15:09:35","slug":"la-oposicion-convoco-finalmente-a-una-sesion-clave-para-el-miercoles-20","status":"publish","type":"post","link":"https:\/\/lalupa24.com.ar\/index.php\/2025\/08\/16\/la-oposicion-convoco-finalmente-a-una-sesion-clave-para-el-miercoles-20\/","title":{"rendered":"La oposici\u00f3n convoc\u00f3 finalmente a una sesi\u00f3n clave para el mi\u00e9rcoles 20"},"content":{"rendered":"\n<p>Muchos pensaron que, al transcurrir el \u00faltimo d\u00eda h\u00e1bil de esta semana sin que la oposici\u00f3n convocara a sesionar este mi\u00e9rcoles 20 de agosto como se ven\u00eda especulando, ya no habr\u00eda sesi\u00f3n esta semana. Pero este viernes no era feriado, sino no laborable\u2026 y el pedido de sesi\u00f3n lleg\u00f3 al caer la tarde.<\/p>\n\n\n\n<p>Muchos pensaron que, al transcurrir el \u00faltimo d\u00eda h\u00e1bil de esta semana sin que la oposici\u00f3n convocara a sesionar este mi\u00e9rcoles 20 de agosto como se ven\u00eda especulando, ya no habr\u00eda sesi\u00f3n esta semana. Pero este viernes no era feriado, sino no laborable\u2026 y el pedido de sesi\u00f3n lleg\u00f3 al caer la tarde.<\/p>\n\n\n\n<p>Con las firmas de 35 diputados, entre ellos los jefes de bloques Germ\u00e1n Mart\u00ednez (UP), Miguel Pichetto (Encuentro Federal) y Pablo Juliano (Democracia para Siempre), la oposici\u00f3n pidi\u00f3 sesionar el mi\u00e9rcoles 20 de agosto a las 12 para tratar sobre nueve temas, entre los que se destacan el rechazo a los \u00faltimos 4 vetos presidenciales y el proyecto que permitir\u00e1 destrabar la Comisi\u00f3n Investigadora por la Criptomoneda $LIBRA, como as\u00ed tambi\u00e9n los dos proyectos de los gobernadores. Como se ve, ser\u00e1 una sesi\u00f3n para alquilar balcones, siempre y cuando la oposici\u00f3n logre reunir el qu\u00f3rum.<\/p>\n\n\n\n<p>Teniendo en cuenta los bloques convocantes (UP, EF, DpS y CC), m\u00e1s la izquierda, la suma de los miembros de esas bancadas supera ampliamente el qu\u00f3rum, con 136 diputados; pero ya se sabe que por estos d\u00edas las matem\u00e1ticas no son tan confiables en el Congreso. Aunque m\u00e1s all\u00e1 de bajas propias, tambi\u00e9n la oposici\u00f3n podr\u00e1 contar con algunos radicales (en este pedido de sesi\u00f3n firm\u00f3 el radical juje\u00f1o Jorge Rizzotti), y figura el cambio de huso horario que promueve otro radical, Julio Cobos, con lo que se sabe que podr\u00edan sumarse m\u00e1s legisladores. Se ver\u00e1.<\/p>\n\n\n\n<p>Un temario amplio y diverso<\/p>\n\n\n\n<p>Contra todos los pron\u00f3sticos que auguraban que los vetos quedar\u00edan para m\u00e1s adelante, la oposici\u00f3n va a suerte y verdad y lleva al recinto los vetos presidenciales contra la Emergencia en Discapacidad, el aumento a los jubilados y la pr\u00f3rroga de la moratoria previsional. Y tambi\u00e9n fue incluido el veto a la declaraci\u00f3n de emergencia en Bah\u00eda Blanca, ya rechazado en el Senado.<\/p>\n\n\n\n<p>Se abordar\u00e1 adem\u00e1s el proyecto que obtuvo dictamen la \u00faltima semana para asegurar el funcionamiento de la Comisi\u00f3n $LIBRA, y habr\u00e1 a continuaci\u00f3n un nuevo emplazamiento a las comisiones para tratar tres proyectos para modificar el huso horario durante el per\u00edodo invernal.<\/p>\n\n\n\n<p>Se tratar\u00e1n tambi\u00e9n los dos proyectos que ya tienen media sanci\u00f3n del Senado y que fueron pedidos por los gobernadores: el que modifica la coparticipaci\u00f3n de los Aportes del Tesoro Nacional (ATN) y el que aplica cambios al Impuesto a los Combustibles L\u00edquidos.<\/p>\n\n\n\n<p>Por \u00faltimo, se incluy\u00f3 el tratamiento de una modificaci\u00f3n de la Ley 24.769, de R\u00e9gimen Penal Tributario, modificando la actualizaci\u00f3n de montos por el delito de evasi\u00f3n tributaria. Este proyecto tiene dictamen desde noviembre del a\u00f1o pasado, es del diputado Oscar Agost Carre\u00f1o y fue reflotado por el diputado cordob\u00e9s cuando el Gobierno present\u00f3 un proyecto en el mismo sentido para respaldar la iniciativa impulsada para utilizar los \u201cd\u00f3lares bajo del colch\u00f3n\u201d, que hasta ahora el oficialismo ni siquiera activ\u00f3 en las comisiones.<\/p>\n\n\n\n<p><\/p>\n","protected":false},"excerpt":{"rendered":"<p>Muchos pensaron que, al transcurrir el \u00faltimo d\u00eda h\u00e1bil de esta semana sin que la oposici\u00f3n convocara a sesionar este mi\u00e9rcoles 20 de agosto como se ven\u00eda especulando, ya no habr\u00eda sesi\u00f3n esta semana. Pero este viernes no era feriado, sino no laborable\u2026 y el pedido de sesi\u00f3n lleg\u00f3 al caer la tarde. Muchos pensaron [&hellip;]<\/p>\n","protected":false},"author":11,"featured_media":10750,"comment_status":"open","ping_status":"open","sticky":false,"template":"","format":"standard","meta":{"footnotes":""},"categories":[26],"tags":[],"class_list":{"0":"post-10749","1":"post","2":"type-post","3":"status-publish","4":"format-standard","5":"has-post-thumbnail","7":"category-nacionales"},"aioseo_notices":[],"_links":{"self":[{"href":"https:\/\/lalupa24.com.ar\/index.php\/wp-json\/wp\/v2\/posts\/10749","targetHints":{"allow":["GET"]}}],"collection":[{"href":"https:\/\/lalupa24.com.ar\/index.php\/wp-json\/wp\/v2\/posts"}],"about":[{"href":"https:\/\/lalupa24.com.ar\/index.php\/wp-json\/wp\/v2\/types\/post"}],"author":[{"embeddable":true,"href":"https:\/\/lalupa24.com.ar\/index.php\/wp-json\/wp\/v2\/users\/11"}],"replies":[{"embeddable":true,"href":"https:\/\/lalupa24.com.ar\/index.php\/wp-json\/wp\/v2\/comments?post=10749"}],"version-history":[{"count":1,"href":"https:\/\/lalupa24.com.ar\/index.php\/wp-json\/wp\/v2\/posts\/10749\/revisions"}],"predecessor-version":[{"id":10751,"href":"https:\/\/lalupa24.com.ar\/index.php\/wp-json\/wp\/v2\/posts\/10749\/revisions\/10751"}],"wp:featuredmedia":[{"embeddable":true,"href":"https:\/\/lalupa24.com.ar\/index.php\/wp-json\/wp\/v2\/media\/10750"}],"wp:attachment":[{"href":"https:\/\/lalupa24.com.ar\/index.php\/wp-json\/wp\/v2\/media?parent=10749"}],"wp:term":[{"taxonomy":"category","embeddable":true,"href":"https:\/\/lalupa24.com.ar\/index.php\/wp-json\/wp\/v2\/categories?post=10749"},{"taxonomy":"post_tag","embeddable":true,"href":"https:\/\/lalupa24.com.ar\/index.php\/wp-json\/wp\/v2\/tags?post=10749"}],"curies":[{"name":"wp","href":"https:\/\/api.w.org\/{rel}","templated":true}]}}