{"id":10812,"date":"2025-08-18T11:37:37","date_gmt":"2025-08-18T14:37:37","guid":{"rendered":"https:\/\/lalupa24.com.ar\/?p=10812"},"modified":"2025-08-18T11:37:40","modified_gmt":"2025-08-18T14:37:40","slug":"el-nuevo-tablero-del-poder-libertario-como-queda-el-gabinete-de-milei-despues-del-cierre-de-listas-y-que-reemplazos-se-esperan","status":"publish","type":"post","link":"https:\/\/lalupa24.com.ar\/index.php\/2025\/08\/18\/el-nuevo-tablero-del-poder-libertario-como-queda-el-gabinete-de-milei-despues-del-cierre-de-listas-y-que-reemplazos-se-esperan\/","title":{"rendered":"El nuevo tablero del poder libertario: c\u00f3mo queda el Gabinete de Milei despu\u00e9s del cierre de listas y qu\u00e9 reemplazos se esperan"},"content":{"rendered":"\n<p><strong>La<\/strong>\u00a0<strong>Libertad Avanza<\/strong>\u00a0defini\u00f3 a todos los candidatos que competir\u00e1n en las\u00a0elecciones de octubre. Se trata de una decisi\u00f3n que excede al hecho de pensar solo a quienes integrar\u00e1n el\u00a0<strong>Congreso Nacional<\/strong>\u00a0a partir del recambio legislativo, sino que permite inferir los primeros pasos que comenzar\u00e1n a moldear la nueva composici\u00f3n del\u00a0<strong>Poder Ejecutivo<\/strong>, todo en funci\u00f3n de qui\u00e9nes fueron postulados y qui\u00e9nes fueron sostenidos en la gesti\u00f3n.<\/p>\n\n\n\n<p>Los \u00fanicos dos integrantes de la plana mayor del\u00a0<strong>Gobierno<\/strong>\u00a0que fueron candidateados fueron los ministros\u00a0<strong>Luis Petri<\/strong>\u00a0(Defensa) y\u00a0<strong>Patricia Bullrich<\/strong>\u00a0(Seguridad Nacional). Ambos ingresaron al Gobierno por gesti\u00f3n de\u00a0<strong>Javier Milei<\/strong>, quien les dio un lugar privilegiado en el armado del Gabinete en agradecimiento por haber sido los primeros en apoyarlo luego de las elecciones generales.\u00a0<strong>Ellos dos hab\u00edan integrado la f\u00f3rmula de Juntos por el Cambio en las presidenciales.<\/strong><\/p>\n\n\n\n<p>Ambos ir\u00e1n como cabezas de lista en sus distritos. Petri para la boleta a diputados nacionales por\u00a0<strong>Mendoza<\/strong>\u00a0y Bullrich para la del Senado por la\u00a0<strong>Ciudad Aut\u00f3noma de Buenos Aires<\/strong>. Los dos tienen niveles de conocimiento alt\u00edsimo y buenos m\u00e1rgenes de imagen positiva como para aspirar a gobernar sus distritos dentro de los pr\u00f3ximos dos a\u00f1os.<\/p>\n\n\n\n<p>El caso de la ministra de Seguridad era m\u00e1s esperado y se anticipaba desde hace tiempo. Los libertarios consideraban que ten\u00edan que apostar una carta fuerte en el segundo distrito que m\u00e1s cargos disputa en todo el pa\u00eds.\u00a0<strong>Bullrich espera abandonar su cargo el d\u00eda antes de asumir como senadora nacional, pero todav\u00eda no se define qui\u00e9n ser\u00e1 la persona que la suceda.<\/strong>\u00a0En el Gobierno indican que la marca registrada que Bullrich le imprimi\u00f3 a su gesti\u00f3n deber\u00eda seguir manteni\u00e9ndose. \u201dPato\u201d impulsa que se quede su segunda,\u00a0<strong>Alejandra Monteoliva<\/strong>, pero es probable que no termine quedando y sea alguien externo.<\/p>\n","protected":false},"excerpt":{"rendered":"<p>La\u00a0Libertad Avanza\u00a0defini\u00f3 a todos los candidatos que competir\u00e1n en las\u00a0elecciones de octubre. Se trata de una decisi\u00f3n que excede al hecho de pensar solo a quienes integrar\u00e1n el\u00a0Congreso Nacional\u00a0a partir del recambio legislativo, sino que permite inferir los primeros pasos que comenzar\u00e1n a moldear la nueva composici\u00f3n del\u00a0Poder Ejecutivo, todo en funci\u00f3n de qui\u00e9nes fueron [&hellip;]<\/p>\n","protected":false},"author":2,"featured_media":10813,"comment_status":"open","ping_status":"open","sticky":false,"template":"","format":"standard","meta":{"footnotes":""},"categories":[26],"tags":[],"class_list":{"0":"post-10812","1":"post","2":"type-post","3":"status-publish","4":"format-standard","5":"has-post-thumbnail","7":"category-nacionales"},"aioseo_notices":[],"_links":{"self":[{"href":"https:\/\/lalupa24.com.ar\/index.php\/wp-json\/wp\/v2\/posts\/10812","targetHints":{"allow":["GET"]}}],"collection":[{"href":"https:\/\/lalupa24.com.ar\/index.php\/wp-json\/wp\/v2\/posts"}],"about":[{"href":"https:\/\/lalupa24.com.ar\/index.php\/wp-json\/wp\/v2\/types\/post"}],"author":[{"embeddable":true,"href":"https:\/\/lalupa24.com.ar\/index.php\/wp-json\/wp\/v2\/users\/2"}],"replies":[{"embeddable":true,"href":"https:\/\/lalupa24.com.ar\/index.php\/wp-json\/wp\/v2\/comments?post=10812"}],"version-history":[{"count":1,"href":"https:\/\/lalupa24.com.ar\/index.php\/wp-json\/wp\/v2\/posts\/10812\/revisions"}],"predecessor-version":[{"id":10814,"href":"https:\/\/lalupa24.com.ar\/index.php\/wp-json\/wp\/v2\/posts\/10812\/revisions\/10814"}],"wp:featuredmedia":[{"embeddable":true,"href":"https:\/\/lalupa24.com.ar\/index.php\/wp-json\/wp\/v2\/media\/10813"}],"wp:attachment":[{"href":"https:\/\/lalupa24.com.ar\/index.php\/wp-json\/wp\/v2\/media?parent=10812"}],"wp:term":[{"taxonomy":"category","embeddable":true,"href":"https:\/\/lalupa24.com.ar\/index.php\/wp-json\/wp\/v2\/categories?post=10812"},{"taxonomy":"post_tag","embeddable":true,"href":"https:\/\/lalupa24.com.ar\/index.php\/wp-json\/wp\/v2\/tags?post=10812"}],"curies":[{"name":"wp","href":"https:\/\/api.w.org\/{rel}","templated":true}]}}