{"id":10824,"date":"2025-08-18T11:41:25","date_gmt":"2025-08-18T14:41:25","guid":{"rendered":"https:\/\/lalupa24.com.ar\/?p=10824"},"modified":"2025-08-18T11:41:26","modified_gmt":"2025-08-18T14:41:26","slug":"con-tensiones-entre-los-gobernadores-provincias-unidas-mostro-fracturas-en-las-listas-de-caba-y-pba-que-condicionan-el-armado-nacional","status":"publish","type":"post","link":"https:\/\/lalupa24.com.ar\/index.php\/2025\/08\/18\/con-tensiones-entre-los-gobernadores-provincias-unidas-mostro-fracturas-en-las-listas-de-caba-y-pba-que-condicionan-el-armado-nacional\/","title":{"rendered":"Con tensiones entre los gobernadores, Provincias Unidas mostr\u00f3 fracturas en las listas de CABA y PBA que condicionan el armado nacional"},"content":{"rendered":"\n<p>Sin grandes sorpresas, los cinco gobernadores que integran Provincias Unidas confirmaron\u00a0sus principales candidaturas:\u00a0<strong>Juan Schiaretti\u00a0<\/strong>encabezar\u00e1 en C\u00f3rdoba,\u00a0<strong>Gisela Scaglia\u00a0<\/strong>en Santa Fe,\u00a0<strong>Ana Clara Romero<\/strong>\u00a0en Chubut,\u00a0<strong>Daniel Alvarez<\/strong>\u00a0en Santa Cruz y\u00a0<strong>Mar\u00eda In\u00e9s Zagaran<\/strong>\u00a0en Jujuy. El foco de las disputas, sin embargo, se traslad\u00f3 a los armados bonaerense y porte\u00f1o, donde ya exist\u00edan diferencias entre los mandatarios. Mientras la mayor\u00eda rechaza la expansi\u00f3n de la alianza, el peronismo cordob\u00e9s consigui\u00f3 inscribir el sello en otros distritos. Seg\u00fan pudo reconstruir\u00a0<strong>Infobae<\/strong>, la dupla\u00a0<strong>Facundo Manes<\/strong>\u2013<strong>Mart\u00edn Lousteau<\/strong>\u00a0en la Ciudad implosion\u00f3 en las \u00faltimas 48 horas y esa fractura termin\u00f3 de condicionar las negociaciones para completar la lista de\u00a0<strong>Florencio Randazzo<\/strong>\u00a0en la provincia de Buenos Aires.<\/p>\n","protected":false},"excerpt":{"rendered":"<p>Sin grandes sorpresas, los cinco gobernadores que integran Provincias Unidas confirmaron\u00a0sus principales candidaturas:\u00a0Juan Schiaretti\u00a0encabezar\u00e1 en C\u00f3rdoba,\u00a0Gisela Scaglia\u00a0en Santa Fe,\u00a0Ana Clara Romero\u00a0en Chubut,\u00a0Daniel Alvarez\u00a0en Santa Cruz y\u00a0Mar\u00eda In\u00e9s Zagaran\u00a0en Jujuy. El foco de las disputas, sin embargo, se traslad\u00f3 a los armados bonaerense y porte\u00f1o, donde ya exist\u00edan diferencias entre los mandatarios. Mientras la mayor\u00eda rechaza [&hellip;]<\/p>\n","protected":false},"author":2,"featured_media":10825,"comment_status":"open","ping_status":"open","sticky":false,"template":"","format":"standard","meta":{"footnotes":""},"categories":[26],"tags":[],"class_list":{"0":"post-10824","1":"post","2":"type-post","3":"status-publish","4":"format-standard","5":"has-post-thumbnail","7":"category-nacionales"},"aioseo_notices":[],"_links":{"self":[{"href":"https:\/\/lalupa24.com.ar\/index.php\/wp-json\/wp\/v2\/posts\/10824","targetHints":{"allow":["GET"]}}],"collection":[{"href":"https:\/\/lalupa24.com.ar\/index.php\/wp-json\/wp\/v2\/posts"}],"about":[{"href":"https:\/\/lalupa24.com.ar\/index.php\/wp-json\/wp\/v2\/types\/post"}],"author":[{"embeddable":true,"href":"https:\/\/lalupa24.com.ar\/index.php\/wp-json\/wp\/v2\/users\/2"}],"replies":[{"embeddable":true,"href":"https:\/\/lalupa24.com.ar\/index.php\/wp-json\/wp\/v2\/comments?post=10824"}],"version-history":[{"count":1,"href":"https:\/\/lalupa24.com.ar\/index.php\/wp-json\/wp\/v2\/posts\/10824\/revisions"}],"predecessor-version":[{"id":10826,"href":"https:\/\/lalupa24.com.ar\/index.php\/wp-json\/wp\/v2\/posts\/10824\/revisions\/10826"}],"wp:featuredmedia":[{"embeddable":true,"href":"https:\/\/lalupa24.com.ar\/index.php\/wp-json\/wp\/v2\/media\/10825"}],"wp:attachment":[{"href":"https:\/\/lalupa24.com.ar\/index.php\/wp-json\/wp\/v2\/media?parent=10824"}],"wp:term":[{"taxonomy":"category","embeddable":true,"href":"https:\/\/lalupa24.com.ar\/index.php\/wp-json\/wp\/v2\/categories?post=10824"},{"taxonomy":"post_tag","embeddable":true,"href":"https:\/\/lalupa24.com.ar\/index.php\/wp-json\/wp\/v2\/tags?post=10824"}],"curies":[{"name":"wp","href":"https:\/\/api.w.org\/{rel}","templated":true}]}}