{"id":1090,"date":"2024-04-30T18:41:40","date_gmt":"2024-04-30T21:41:40","guid":{"rendered":"https:\/\/lalupa24.com.ar\/?p=1090"},"modified":"2024-04-30T18:41:41","modified_gmt":"2024-04-30T21:41:41","slug":"elevaron-a-juicio-la-causa-por-la-muerte-de-cecilia-strzyzowski","status":"publish","type":"post","link":"https:\/\/lalupa24.com.ar\/index.php\/2024\/04\/30\/elevaron-a-juicio-la-causa-por-la-muerte-de-cecilia-strzyzowski\/","title":{"rendered":"Elevaron a juicio la causa por la muerte de Cecilia Strzyzowski"},"content":{"rendered":"\n<p>El Equipo Fiscal Especial encargado de llevar adelante la investigaci\u00f3n de la muerte de Cecilia Strzyzowski en la causa 22.632\/2023-1 &#8220;Sena, C\u00e9sar Mario Alejandro y otros s\/femicidio&#8221; ha firmado y notificado a las partes el requerimiento de elevaci\u00f3n a juicio contra las siete personas detenidas, las cuales tienen confirmada la medida de prisi\u00f3n preventiva. Las imputaciones quedaron definidas de la siguiente manera:<\/p>\n\n\n\n<p>Cesar Mario Alejandro Sena: por el delito de homicidio doblemente agravado por el v\u00ednculo y por haberse cometido en contexto de violencia de g\u00e9nero en car\u00e1cter de autor (art.&nbsp; 80 inc. 1\u00b0 y 11\u00b0 del C\u00f3digo Penal en funci\u00f3n de la Ley N\u00b026.485).<\/p>\n\n\n\n<p>Emerenciano Sena y Marcela Ver\u00f3nica Acu\u00f1a: por el delito de homicidio doblemente agravado por el v\u00ednculo y por haberse cometido en contexto de violencia de g\u00e9nero en car\u00e1cter de part\u00edcipes primarios (art. 80 inc. 1\u00b0 y 11\u00b0 y art. 45 todos del C\u00f3digo Penal).<\/p>\n\n\n\n<p>&nbsp;Fabiana Cecilia Gonz\u00e1lez, Jos\u00e9 Gustavo Obreg\u00f3n, Gustavo Melgarejo y Griselda Luc\u00eda Reinoso: por el delito de Encubrimiento agravado (art. 277 inc. 3\u00b0 ac\u00e1p. &#8220;A&#8221; en funci\u00f3n del inc. 1\u00b0 ac\u00e1p. &#8220;B&#8221; del C\u00f3digo Penal).<\/p>\n\n\n\n<p>Meticuloso an\u00e1lisis<\/p>\n\n\n\n<p>Los fiscales Juan Mart\u00edn Bogado, Jorge Omar C\u00e1ceres Olivera y Nelia Yael Velazquez se\u00f1alaron que la nueva imputaci\u00f3n, que readecua los roles de cada uno de los acusados, &#8220;es el resultado de un meticuloso an\u00e1lisis de las pruebas reunidas durante la investigaci\u00f3n. Esta medida se basa en una decisi\u00f3n respaldada por la evidencia, con el fin de llevar el caso ante un jurado popular. Cesar Sena es se\u00f1alado como autor material del homicidio de Cecilia Strzyzowski, mientras que sus padres, Emerenciano Sena y Marcela Acu\u00f1a son considerados part\u00edcipes primarios, afrontando la misma pena, la de prisi\u00f3n perpetua&#8221;.<\/p>\n\n\n\n<p>En tal sentido remarcaron que &#8220;aunque al principio de la investigaci\u00f3n se manejaron distintas hip\u00f3tesis, incluida la coautor\u00eda, por la cual fueron intimados Cesar Sena, Marcela Acu\u00f1a y Emerenciano Sena, tras un nuevo an\u00e1lisis del caso, una vez concluida la investigaci\u00f3n penal preparatoria, el Equipo Fiscal Especial entendi\u00f3 que esta teor\u00eda del caso es la m\u00e1s s\u00f3lida para presentar ante el jurado&#8221;.<\/p>\n\n\n\n<p>&#8220;Esta determinaci\u00f3n fue debidamente informada a los abogados representantes de la querella&#8221;, explicaron.<\/p>\n","protected":false},"excerpt":{"rendered":"<p>El Equipo Fiscal Especial encargado de llevar adelante la investigaci\u00f3n de la muerte de Cecilia Strzyzowski en la causa 22.632\/2023-1 &#8220;Sena, C\u00e9sar Mario Alejandro y otros s\/femicidio&#8221; ha firmado y notificado a las partes el requerimiento de elevaci\u00f3n a juicio contra las siete personas detenidas, las cuales tienen confirmada la medida de prisi\u00f3n preventiva. Las [&hellip;]<\/p>\n","protected":false},"author":2,"featured_media":1091,"comment_status":"open","ping_status":"open","sticky":false,"template":"","format":"standard","meta":{"footnotes":""},"categories":[28],"tags":[],"class_list":{"0":"post-1090","1":"post","2":"type-post","3":"status-publish","4":"format-standard","5":"has-post-thumbnail","7":"category-locales"},"aioseo_notices":[],"_links":{"self":[{"href":"https:\/\/lalupa24.com.ar\/index.php\/wp-json\/wp\/v2\/posts\/1090","targetHints":{"allow":["GET"]}}],"collection":[{"href":"https:\/\/lalupa24.com.ar\/index.php\/wp-json\/wp\/v2\/posts"}],"about":[{"href":"https:\/\/lalupa24.com.ar\/index.php\/wp-json\/wp\/v2\/types\/post"}],"author":[{"embeddable":true,"href":"https:\/\/lalupa24.com.ar\/index.php\/wp-json\/wp\/v2\/users\/2"}],"replies":[{"embeddable":true,"href":"https:\/\/lalupa24.com.ar\/index.php\/wp-json\/wp\/v2\/comments?post=1090"}],"version-history":[{"count":1,"href":"https:\/\/lalupa24.com.ar\/index.php\/wp-json\/wp\/v2\/posts\/1090\/revisions"}],"predecessor-version":[{"id":1092,"href":"https:\/\/lalupa24.com.ar\/index.php\/wp-json\/wp\/v2\/posts\/1090\/revisions\/1092"}],"wp:featuredmedia":[{"embeddable":true,"href":"https:\/\/lalupa24.com.ar\/index.php\/wp-json\/wp\/v2\/media\/1091"}],"wp:attachment":[{"href":"https:\/\/lalupa24.com.ar\/index.php\/wp-json\/wp\/v2\/media?parent=1090"}],"wp:term":[{"taxonomy":"category","embeddable":true,"href":"https:\/\/lalupa24.com.ar\/index.php\/wp-json\/wp\/v2\/categories?post=1090"},{"taxonomy":"post_tag","embeddable":true,"href":"https:\/\/lalupa24.com.ar\/index.php\/wp-json\/wp\/v2\/tags?post=1090"}],"curies":[{"name":"wp","href":"https:\/\/api.w.org\/{rel}","templated":true}]}}