{"id":10901,"date":"2025-08-20T09:46:41","date_gmt":"2025-08-20T12:46:41","guid":{"rendered":"https:\/\/lalupa24.com.ar\/?p=10901"},"modified":"2025-08-20T09:46:43","modified_gmt":"2025-08-20T12:46:43","slug":"antes-de-la-sesion-el-gobierno-dice-que-no-podra-aplicar-las-leyes-si-la-oposicion-revierte-los-vetos","status":"publish","type":"post","link":"https:\/\/lalupa24.com.ar\/index.php\/2025\/08\/20\/antes-de-la-sesion-el-gobierno-dice-que-no-podra-aplicar-las-leyes-si-la-oposicion-revierte-los-vetos\/","title":{"rendered":"Antes de la sesi\u00f3n, el Gobierno dice que no podr\u00e1 aplicar las leyes si la oposici\u00f3n revierte los vetos"},"content":{"rendered":"\n<p>El ministro del Interior,\u00a0<strong>Guillermo Francos<\/strong>, dijo que el Ejecutivo \u201cno podr\u00e1 cumplir\u201d las leyes si la oposici\u00f3n logra revertir los vetos presidenciales a los proyectos de\u00a0<strong>Emergencia en Discapacidad<\/strong>\u00a0y al aumento de haberes jubilatorios. Seg\u00fan el funcionario, el Poder Ejecutivo no cuenta con recursos para responder a esas obligaciones y cuestion\u00f3 tanto el procedimiento parlamentario como las motivaciones pol\u00edticas detr\u00e1s de las iniciativas.<\/p>\n","protected":false},"excerpt":{"rendered":"<p>El ministro del Interior,\u00a0Guillermo Francos, dijo que el Ejecutivo \u201cno podr\u00e1 cumplir\u201d las leyes si la oposici\u00f3n logra revertir los vetos presidenciales a los proyectos de\u00a0Emergencia en Discapacidad\u00a0y al aumento de haberes jubilatorios. Seg\u00fan el funcionario, el Poder Ejecutivo no cuenta con recursos para responder a esas obligaciones y cuestion\u00f3 tanto el procedimiento parlamentario como [&hellip;]<\/p>\n","protected":false},"author":2,"featured_media":10903,"comment_status":"open","ping_status":"open","sticky":false,"template":"","format":"standard","meta":{"footnotes":""},"categories":[26],"tags":[],"class_list":{"0":"post-10901","1":"post","2":"type-post","3":"status-publish","4":"format-standard","5":"has-post-thumbnail","7":"category-nacionales"},"aioseo_notices":[],"_links":{"self":[{"href":"https:\/\/lalupa24.com.ar\/index.php\/wp-json\/wp\/v2\/posts\/10901","targetHints":{"allow":["GET"]}}],"collection":[{"href":"https:\/\/lalupa24.com.ar\/index.php\/wp-json\/wp\/v2\/posts"}],"about":[{"href":"https:\/\/lalupa24.com.ar\/index.php\/wp-json\/wp\/v2\/types\/post"}],"author":[{"embeddable":true,"href":"https:\/\/lalupa24.com.ar\/index.php\/wp-json\/wp\/v2\/users\/2"}],"replies":[{"embeddable":true,"href":"https:\/\/lalupa24.com.ar\/index.php\/wp-json\/wp\/v2\/comments?post=10901"}],"version-history":[{"count":1,"href":"https:\/\/lalupa24.com.ar\/index.php\/wp-json\/wp\/v2\/posts\/10901\/revisions"}],"predecessor-version":[{"id":10904,"href":"https:\/\/lalupa24.com.ar\/index.php\/wp-json\/wp\/v2\/posts\/10901\/revisions\/10904"}],"wp:featuredmedia":[{"embeddable":true,"href":"https:\/\/lalupa24.com.ar\/index.php\/wp-json\/wp\/v2\/media\/10903"}],"wp:attachment":[{"href":"https:\/\/lalupa24.com.ar\/index.php\/wp-json\/wp\/v2\/media?parent=10901"}],"wp:term":[{"taxonomy":"category","embeddable":true,"href":"https:\/\/lalupa24.com.ar\/index.php\/wp-json\/wp\/v2\/categories?post=10901"},{"taxonomy":"post_tag","embeddable":true,"href":"https:\/\/lalupa24.com.ar\/index.php\/wp-json\/wp\/v2\/tags?post=10901"}],"curies":[{"name":"wp","href":"https:\/\/api.w.org\/{rel}","templated":true}]}}