{"id":10915,"date":"2025-08-20T09:55:32","date_gmt":"2025-08-20T12:55:32","guid":{"rendered":"https:\/\/lalupa24.com.ar\/?p=10915"},"modified":"2025-08-20T09:55:34","modified_gmt":"2025-08-20T12:55:34","slug":"juan-manuel-urtubey-en-el-2027-tenemos-que-ir-en-un-frente-en-el-que-esten-desde-cristina-hasta-carrio","status":"publish","type":"post","link":"https:\/\/lalupa24.com.ar\/index.php\/2025\/08\/20\/juan-manuel-urtubey-en-el-2027-tenemos-que-ir-en-un-frente-en-el-que-esten-desde-cristina-hasta-carrio\/","title":{"rendered":"Juan Manuel Urtubey: \u201cEn el 2027 tenemos que ir en un frente en el que est\u00e9n desde Cristina hasta Carri\u00f3\u201d"},"content":{"rendered":"\n<p><strong>Juan Manuel Urtubey<\/strong>, candidato a senador provincial por\u00a0<strong>Fuerza Patria en la provincia de Salta<\/strong>, inst\u00f3 a la construcci\u00f3n de un frente opositor que trascienda al peronismo y abarque a distintos sectores de la vida pol\u00edtica argentina. En la previa a las elecciones legislativas de octubre, el exgobernador sostuvo que\u00a0<strong>la aparici\u00f3n de Javier Milei con una agenda \u201cfuertemente excluyente\u201d lo motiv\u00f3 a regresar al espacio pol\u00edtico y buscar alternativas a lo que considera una deriva autocr\u00e1tica<\/strong>.<\/p>\n","protected":false},"excerpt":{"rendered":"<p>Juan Manuel Urtubey, candidato a senador provincial por\u00a0Fuerza Patria en la provincia de Salta, inst\u00f3 a la construcci\u00f3n de un frente opositor que trascienda al peronismo y abarque a distintos sectores de la vida pol\u00edtica argentina. En la previa a las elecciones legislativas de octubre, el exgobernador sostuvo que\u00a0la aparici\u00f3n de Javier Milei con una [&hellip;]<\/p>\n","protected":false},"author":2,"featured_media":10916,"comment_status":"open","ping_status":"open","sticky":false,"template":"","format":"standard","meta":{"footnotes":""},"categories":[26],"tags":[],"class_list":{"0":"post-10915","1":"post","2":"type-post","3":"status-publish","4":"format-standard","5":"has-post-thumbnail","7":"category-nacionales"},"aioseo_notices":[],"_links":{"self":[{"href":"https:\/\/lalupa24.com.ar\/index.php\/wp-json\/wp\/v2\/posts\/10915","targetHints":{"allow":["GET"]}}],"collection":[{"href":"https:\/\/lalupa24.com.ar\/index.php\/wp-json\/wp\/v2\/posts"}],"about":[{"href":"https:\/\/lalupa24.com.ar\/index.php\/wp-json\/wp\/v2\/types\/post"}],"author":[{"embeddable":true,"href":"https:\/\/lalupa24.com.ar\/index.php\/wp-json\/wp\/v2\/users\/2"}],"replies":[{"embeddable":true,"href":"https:\/\/lalupa24.com.ar\/index.php\/wp-json\/wp\/v2\/comments?post=10915"}],"version-history":[{"count":1,"href":"https:\/\/lalupa24.com.ar\/index.php\/wp-json\/wp\/v2\/posts\/10915\/revisions"}],"predecessor-version":[{"id":10917,"href":"https:\/\/lalupa24.com.ar\/index.php\/wp-json\/wp\/v2\/posts\/10915\/revisions\/10917"}],"wp:featuredmedia":[{"embeddable":true,"href":"https:\/\/lalupa24.com.ar\/index.php\/wp-json\/wp\/v2\/media\/10916"}],"wp:attachment":[{"href":"https:\/\/lalupa24.com.ar\/index.php\/wp-json\/wp\/v2\/media?parent=10915"}],"wp:term":[{"taxonomy":"category","embeddable":true,"href":"https:\/\/lalupa24.com.ar\/index.php\/wp-json\/wp\/v2\/categories?post=10915"},{"taxonomy":"post_tag","embeddable":true,"href":"https:\/\/lalupa24.com.ar\/index.php\/wp-json\/wp\/v2\/tags?post=10915"}],"curies":[{"name":"wp","href":"https:\/\/api.w.org\/{rel}","templated":true}]}}