{"id":10918,"date":"2025-08-20T09:55:58","date_gmt":"2025-08-20T12:55:58","guid":{"rendered":"https:\/\/lalupa24.com.ar\/?p=10918"},"modified":"2025-08-20T09:56:00","modified_gmt":"2025-08-20T12:56:00","slug":"pro-liberal-el-macrismo-habla-de-volver-a-sus-origenes-y-relanzar-el-espacio-para-despues-de-las-elecciones","status":"publish","type":"post","link":"https:\/\/lalupa24.com.ar\/index.php\/2025\/08\/20\/pro-liberal-el-macrismo-habla-de-volver-a-sus-origenes-y-relanzar-el-espacio-para-despues-de-las-elecciones\/","title":{"rendered":"PRO liberal: el macrismo habla de volver a sus or\u00edgenes y relanzar el espacio para despu\u00e9s de las elecciones"},"content":{"rendered":"\n<p>Barajar y dar de nuevo.\u00a0<strong>Mauricio Macri<\/strong>\u00a0y su n\u00facleo de dirigentes cercanos comenzaron a delinear la nueva etapa del PRO para el nuevo proceso pol\u00edtico que arrancar\u00e1 despu\u00e9s de las elecciones. En l\u00ednea con los acuerdos alcanzados con La Libertad Avanza, ya se habla de un \u201c<strong>regreso a las ra\u00edces liberales<\/strong>\u201d del partido y anticipan reacomodamientos y fracturas de los bloques. \u00bf<strong>Nace un PRO liberal<\/strong>?<\/p>\n","protected":false},"excerpt":{"rendered":"<p>Barajar y dar de nuevo.\u00a0Mauricio Macri\u00a0y su n\u00facleo de dirigentes cercanos comenzaron a delinear la nueva etapa del PRO para el nuevo proceso pol\u00edtico que arrancar\u00e1 despu\u00e9s de las elecciones. En l\u00ednea con los acuerdos alcanzados con La Libertad Avanza, ya se habla de un \u201cregreso a las ra\u00edces liberales\u201d del partido y anticipan reacomodamientos [&hellip;]<\/p>\n","protected":false},"author":2,"featured_media":10919,"comment_status":"open","ping_status":"open","sticky":false,"template":"","format":"standard","meta":{"footnotes":""},"categories":[26],"tags":[],"class_list":{"0":"post-10918","1":"post","2":"type-post","3":"status-publish","4":"format-standard","5":"has-post-thumbnail","7":"category-nacionales"},"aioseo_notices":[],"_links":{"self":[{"href":"https:\/\/lalupa24.com.ar\/index.php\/wp-json\/wp\/v2\/posts\/10918","targetHints":{"allow":["GET"]}}],"collection":[{"href":"https:\/\/lalupa24.com.ar\/index.php\/wp-json\/wp\/v2\/posts"}],"about":[{"href":"https:\/\/lalupa24.com.ar\/index.php\/wp-json\/wp\/v2\/types\/post"}],"author":[{"embeddable":true,"href":"https:\/\/lalupa24.com.ar\/index.php\/wp-json\/wp\/v2\/users\/2"}],"replies":[{"embeddable":true,"href":"https:\/\/lalupa24.com.ar\/index.php\/wp-json\/wp\/v2\/comments?post=10918"}],"version-history":[{"count":1,"href":"https:\/\/lalupa24.com.ar\/index.php\/wp-json\/wp\/v2\/posts\/10918\/revisions"}],"predecessor-version":[{"id":10920,"href":"https:\/\/lalupa24.com.ar\/index.php\/wp-json\/wp\/v2\/posts\/10918\/revisions\/10920"}],"wp:featuredmedia":[{"embeddable":true,"href":"https:\/\/lalupa24.com.ar\/index.php\/wp-json\/wp\/v2\/media\/10919"}],"wp:attachment":[{"href":"https:\/\/lalupa24.com.ar\/index.php\/wp-json\/wp\/v2\/media?parent=10918"}],"wp:term":[{"taxonomy":"category","embeddable":true,"href":"https:\/\/lalupa24.com.ar\/index.php\/wp-json\/wp\/v2\/categories?post=10918"},{"taxonomy":"post_tag","embeddable":true,"href":"https:\/\/lalupa24.com.ar\/index.php\/wp-json\/wp\/v2\/tags?post=10918"}],"curies":[{"name":"wp","href":"https:\/\/api.w.org\/{rel}","templated":true}]}}