{"id":10934,"date":"2025-08-19T09:36:15","date_gmt":"2025-08-19T12:36:15","guid":{"rendered":"https:\/\/lalupa24.com.ar\/?p=10934"},"modified":"2025-08-21T09:38:42","modified_gmt":"2025-08-21T12:38:42","slug":"mas-familias-chaquenas-cumplen-el-sueno-de-la-casa-propia-el-gobernador-entrego-casas-en-saenz-pena","status":"publish","type":"post","link":"https:\/\/lalupa24.com.ar\/index.php\/2025\/08\/19\/mas-familias-chaquenas-cumplen-el-sueno-de-la-casa-propia-el-gobernador-entrego-casas-en-saenz-pena\/","title":{"rendered":"Mas familias chaque\u00f1as cumplen el sue\u00f1o de la casa propia el Gobernador entrego casas en S\u00e1enz Pe\u00f1a"},"content":{"rendered":"\n<p>El primer mandatario provincial destac\u00f3 la construcci\u00f3n de estas viviendas destinadas para familias que, despu\u00e9s de esperar mucho tiempo, pueden cumplir con el sue\u00f1o de tener una casa propia. \u201cSon viviendas que hace mucho tiempo no se entregaban en nuestra provincia y nosotros las entregamos con toda la infraestructura\u201d, mencion\u00f3 Zdero y agreg\u00f3: \u201cYa hab\u00edamos entregado anteriormente y ahora vinimos a entregar otra parte que ya est\u00e1n culminadas. En los pr\u00f3ximos d\u00edas estaremos haciendo el sorteo para otras tantas viviendas aqu\u00ed en el barrio Santa Rita\u201d.<\/p>\n\n\n\n<p>EL SUE\u00d1O DE LA CASA PROPIA<br>\u201cSon sue\u00f1os que se cumplen. Una de las familias nos coment\u00f3 que estuvo esperando 19 a\u00f1os para conseguir su casa, y con esto se resume un poco la demanda de la vivienda y el d\u00e9ficit habitacional que hay en el pa\u00eds y que la provincia no es ajena\u201d, ejemplific\u00f3 el jefe del Ejecutivo provincial.<br>Asimismo, el Gobernador asegur\u00f3 que su gesti\u00f3n trabaja fuertemente para revertir esta situaci\u00f3n y que todas las viviendas que se construyen se realizan con recursos propios. \u201cPara el mes de septiembre estaremos entregando m\u00e1s viviendas, y vamos a seguir porque este barrio ya est\u00e1 equipado en cuanto a toda la infraestructura en materia el\u00e9ctrica, en lo que respecta al abastecimiento de agua como as\u00ed tambi\u00e9n la apertura de calles y dem\u00e1s\u201d.<\/p>\n\n\n\n<p>GESTIONAR EN LA ADVERSIDAD<br>Zdero hizo \u00e9nfasis en la dif\u00edcil situaci\u00f3n que atraviesa la provincia, pero que siempre se dirigi\u00f3 a los chaque\u00f1os con la verdad a la hora de explicar la gesti\u00f3n y el uso de los recursos p\u00fablicos. \u201cCuando arrancamos la gesti\u00f3n tuvimos que afrontar duros compromisos, todav\u00eda lo estamos haciendo y que claramente compromete a la caja del Estado, pero siempre tratamos de destinar parte de esos recursos para viviendas, para la salud, la educaci\u00f3n porque son \u00e1reas claves\u201d.<br>\u201cAhora lo que estamos haciendo es optimizar todos los recursos que tenemos\u201d, asegur\u00f3 y record\u00f3: \u201cHemos fusionado organismos que cumpl\u00edan exactamente las mismas funciones y ten\u00edan las mismas incumbencias para el funcionamiento. Eso significa que ten\u00edamos muchos recursos que se iban y que no se optimizaban, tambi\u00e9n hemos eliminado algunos que eran, por ejemplo, emblemas de la corrupci\u00f3n como el IAFEP que se ten\u00eda que encargar de hacer viviendas, pero nunca se hicieron\u201d.<\/p>\n\n\n\n<p>FERNANDO BERECOECHEA: \u201cES UNA SATISFACCI\u00d3N ENORME QUE CADA FAMILIA PUEDA TENER SU VIVIENDA PROPIA\u201d<br>El presidente del Instituto Provincial de Desarrollo Urbano y Vivienda (IPDUV), Fernando Berecoechea, coment\u00f3: \u201cContinuamos con estas obras que nos comprometimos a terminarlas. Con mucho orden y responsabilidad vamos a lograr terminar 190 viviendas que estaban abandonadas al principio de la gesti\u00f3n. Comparto plenamente la alegr\u00eda de estas familias, cada una tiene una realidad, algunas muy duras, de extrema vulnerabilidad y es una enorme satisfacci\u00f3n que puedan tener su vivienda propia\u201d, concluy\u00f3 Berecoechea.<\/p>\n\n\n\n<p>BRUNO CIPOLINI: \u201cPOR DECISI\u00d3N DEL GOBERNADOR, LA DEMANDA HABITACIONAL SE VA SUPLIENDO\u201d<br>Por su parte, el intendente de S\u00e1enz Pe\u00f1a, Bruno Cipolini, se\u00f1al\u00f3: \u201cEs un acontecimiento importante y satisfactorio para nosotros. Es una gran demanda que tiene Presidencia Roque S\u00e1enz Pe\u00f1a y que, de a poco, por decisi\u00f3n del Gobernador, se va supliendo\u201d.<br>Cipollini destac\u00f3 que, pese a los limitados recursos disponibles, la gesti\u00f3n de Leandro Zdero logra concretar obras en beneficio de los chaque\u00f1os. \u201cEs un gran esfuerzo el que realiza el Estado provincial\u201d.<\/p>\n\n\n\n<p>M\u00c1S VIVIENDAS PARA FAMILIAS S\u00c1ENZPE\u00d1ENSES<br>Adem\u00e1s, Zdero recorri\u00f3 la obra de m\u00e1s viviendas m\u00e1s en Sa\u00e9nz Pe\u00f1a tambi\u00e9n en el marco del programa FO.PRO.VI. (ex Casa Propia). La obra se desarrolla en dos manzanas y contempla unidades de 64 m\u00b2 con dos dormitorios, estar, comedor, cocina, ba\u00f1o y lavadero.<br>Acompa\u00f1aron al Gobernador, el presidente del Instituto Provincial de Desarrollo Urbano y Vivienda (IPDUV), Fernando Berecoechea y el intendente de Presidencia Roque S\u00e1enz Pe\u00f1a, Bruno Cipolini.<\/p>\n","protected":false},"excerpt":{"rendered":"<p>El primer mandatario provincial destac\u00f3 la construcci\u00f3n de estas viviendas destinadas para familias que, despu\u00e9s de esperar mucho tiempo, pueden cumplir con el sue\u00f1o de tener una casa propia. \u201cSon viviendas que hace mucho tiempo no se entregaban en nuestra provincia y nosotros las entregamos con toda la infraestructura\u201d, mencion\u00f3 Zdero y agreg\u00f3: \u201cYa hab\u00edamos [&hellip;]<\/p>\n","protected":false},"author":2,"featured_media":10935,"comment_status":"open","ping_status":"open","sticky":false,"template":"","format":"standard","meta":{"footnotes":""},"categories":[27],"tags":[],"class_list":{"0":"post-10934","1":"post","2":"type-post","3":"status-publish","4":"format-standard","5":"has-post-thumbnail","7":"category-interior"},"aioseo_notices":[],"_links":{"self":[{"href":"https:\/\/lalupa24.com.ar\/index.php\/wp-json\/wp\/v2\/posts\/10934","targetHints":{"allow":["GET"]}}],"collection":[{"href":"https:\/\/lalupa24.com.ar\/index.php\/wp-json\/wp\/v2\/posts"}],"about":[{"href":"https:\/\/lalupa24.com.ar\/index.php\/wp-json\/wp\/v2\/types\/post"}],"author":[{"embeddable":true,"href":"https:\/\/lalupa24.com.ar\/index.php\/wp-json\/wp\/v2\/users\/2"}],"replies":[{"embeddable":true,"href":"https:\/\/lalupa24.com.ar\/index.php\/wp-json\/wp\/v2\/comments?post=10934"}],"version-history":[{"count":1,"href":"https:\/\/lalupa24.com.ar\/index.php\/wp-json\/wp\/v2\/posts\/10934\/revisions"}],"predecessor-version":[{"id":10936,"href":"https:\/\/lalupa24.com.ar\/index.php\/wp-json\/wp\/v2\/posts\/10934\/revisions\/10936"}],"wp:featuredmedia":[{"embeddable":true,"href":"https:\/\/lalupa24.com.ar\/index.php\/wp-json\/wp\/v2\/media\/10935"}],"wp:attachment":[{"href":"https:\/\/lalupa24.com.ar\/index.php\/wp-json\/wp\/v2\/media?parent=10934"}],"wp:term":[{"taxonomy":"category","embeddable":true,"href":"https:\/\/lalupa24.com.ar\/index.php\/wp-json\/wp\/v2\/categories?post=10934"},{"taxonomy":"post_tag","embeddable":true,"href":"https:\/\/lalupa24.com.ar\/index.php\/wp-json\/wp\/v2\/tags?post=10934"}],"curies":[{"name":"wp","href":"https:\/\/api.w.org\/{rel}","templated":true}]}}