{"id":10943,"date":"2025-08-19T09:46:12","date_gmt":"2025-08-19T12:46:12","guid":{"rendered":"https:\/\/lalupa24.com.ar\/?p=10943"},"modified":"2025-08-21T09:47:40","modified_gmt":"2025-08-21T12:47:40","slug":"en-septiembre-se-realizara-la-ronda-de-negocios-y-el-premio-empresario-joven-argentino","status":"publish","type":"post","link":"https:\/\/lalupa24.com.ar\/index.php\/2025\/08\/19\/en-septiembre-se-realizara-la-ronda-de-negocios-y-el-premio-empresario-joven-argentino\/","title":{"rendered":"En Septiembre se realizar\u00e1 la ronda de negocios y el premio empresario joven argentino"},"content":{"rendered":"\n<p>Se trata de la 16\u00ba edici\u00f3n del evento organizado por la Came, con el apoyo del Gobierno provincial, para destacar la creatividad joven en el sector. El 18 de septiembre en Corrientes y el 19 en Resistencia, habr\u00e1 Ronda de Negocios, intercambios de experiencias y generaci\u00f3n de contactos para el crecimiento de las PYMES.<\/p>\n\n\n\n<p>Resistencia y Corrientes ser\u00e1n sede de la 16\u00ba edici\u00f3n del Premio Empresario Joven Argentino que se llevar\u00e1 a cabo el 18 y 19 de septiembre. El evento es organizado por la Confederaci\u00f3n Argentina de la Mediana Empresa (CAME). Es la primera vez que Chaco es sede del premio que reconoce y celebra el talento y la creatividad de personas j\u00f3venes que apuestan al pa\u00eds. Se espera la participaci\u00f3n de 150 empresarios de todo el pa\u00eds que conformar\u00e1n rondas de negocios, intercambiar\u00e1n experiencias y se contactar\u00e1n con proveedores y futuros clientes.<br>De esta forma, el pr\u00f3ximo mes se desarrollar\u00e1n jornadas cargadas de actividades que tienen por objeto brindar herramientas para el desarrollo de negocios y el potenciamiento de las Pymes.<br>La subsecretaria de Trabajo y Empleo, Noel Ibarra, indic\u00f3 que \u201cel gobierno provincial apoya a las Pymes a trav\u00e9s del trabajo articulado de todas las \u00e1reas del estado, el acceso a financiamiento y el acompa\u00f1amiento de la b\u00fasqueda de recursos humanos capacitados para su crecimiento y el de la econom\u00eda regional \u201d. \u201cEl apoyo al sector privado es fundamental para la generaci\u00f3n de empleos y la radicaci\u00f3n de nuevas empresas en Chaco\u201d, expres\u00f3.&nbsp;<br>Por su parte, el presidente de CAME Joven, Mat\u00edas Brugnoli, asever\u00f3 que \u201cpotenciar a los j\u00f3venes empresarios es una manera de perpetuar el desarrollo de la gremial empresaria\u201d.<br>En esta l\u00ednea, la presidente de Asociaci\u00f3n de J\u00f3venes Empresarios de Corrientes (AJEC) Mar\u00eda Alejandra Moral se\u00f1al\u00f3 que el premio es un encuentro enriquecedor para generar una red de contactos, que es primordial para la actividad empresarial.<br>Estuvieron presentes, adem\u00e1s, el subsecretario de Industria y Comercio Patricio Amarilla; el vicepresidente del Instituto de Turismo, Martin Braillard Poccard; el presidente y el vicepresidente de Federaci\u00f3n Econ\u00f3mica de Corrientes (FEC), Guillermo Basabe y Daniel Cassiet; el presidente y el secretario general de FECHACO Ernesto Scaglia y Pablo Stascewski; y la secretaria general de CAME Argentina, Beatriz Tour.<\/p>\n","protected":false},"excerpt":{"rendered":"<p>Se trata de la 16\u00ba edici\u00f3n del evento organizado por la Came, con el apoyo del Gobierno provincial, para destacar la creatividad joven en el sector. El 18 de septiembre en Corrientes y el 19 en Resistencia, habr\u00e1 Ronda de Negocios, intercambios de experiencias y generaci\u00f3n de contactos para el crecimiento de las PYMES. Resistencia [&hellip;]<\/p>\n","protected":false},"author":2,"featured_media":10944,"comment_status":"open","ping_status":"open","sticky":false,"template":"","format":"standard","meta":{"footnotes":""},"categories":[28],"tags":[],"class_list":{"0":"post-10943","1":"post","2":"type-post","3":"status-publish","4":"format-standard","5":"has-post-thumbnail","7":"category-locales"},"aioseo_notices":[],"_links":{"self":[{"href":"https:\/\/lalupa24.com.ar\/index.php\/wp-json\/wp\/v2\/posts\/10943","targetHints":{"allow":["GET"]}}],"collection":[{"href":"https:\/\/lalupa24.com.ar\/index.php\/wp-json\/wp\/v2\/posts"}],"about":[{"href":"https:\/\/lalupa24.com.ar\/index.php\/wp-json\/wp\/v2\/types\/post"}],"author":[{"embeddable":true,"href":"https:\/\/lalupa24.com.ar\/index.php\/wp-json\/wp\/v2\/users\/2"}],"replies":[{"embeddable":true,"href":"https:\/\/lalupa24.com.ar\/index.php\/wp-json\/wp\/v2\/comments?post=10943"}],"version-history":[{"count":1,"href":"https:\/\/lalupa24.com.ar\/index.php\/wp-json\/wp\/v2\/posts\/10943\/revisions"}],"predecessor-version":[{"id":10945,"href":"https:\/\/lalupa24.com.ar\/index.php\/wp-json\/wp\/v2\/posts\/10943\/revisions\/10945"}],"wp:featuredmedia":[{"embeddable":true,"href":"https:\/\/lalupa24.com.ar\/index.php\/wp-json\/wp\/v2\/media\/10944"}],"wp:attachment":[{"href":"https:\/\/lalupa24.com.ar\/index.php\/wp-json\/wp\/v2\/media?parent=10943"}],"wp:term":[{"taxonomy":"category","embeddable":true,"href":"https:\/\/lalupa24.com.ar\/index.php\/wp-json\/wp\/v2\/categories?post=10943"},{"taxonomy":"post_tag","embeddable":true,"href":"https:\/\/lalupa24.com.ar\/index.php\/wp-json\/wp\/v2\/tags?post=10943"}],"curies":[{"name":"wp","href":"https:\/\/api.w.org\/{rel}","templated":true}]}}