{"id":1096,"date":"2024-04-30T19:02:00","date_gmt":"2024-04-30T22:02:00","guid":{"rendered":"https:\/\/lalupa24.com.ar\/?p=1096"},"modified":"2024-04-30T19:02:01","modified_gmt":"2024-04-30T22:02:01","slug":"jornada-de-vinculacion-estrategica-entre-investigadores-y-productores-chaquenos","status":"publish","type":"post","link":"https:\/\/lalupa24.com.ar\/index.php\/2024\/04\/30\/jornada-de-vinculacion-estrategica-entre-investigadores-y-productores-chaquenos\/","title":{"rendered":"Jornada de Vinculaci\u00f3n Estrat\u00e9gica entre investigadores y Productores Chaque\u00f1os"},"content":{"rendered":"\n<p>Este martes 30 de abril en la Sala de Consejo de la Universidad Nacional del Chaco Austral se llev\u00f3 a cabo la JORNADA DE VINCULACI\u00d3N ESTRAT\u00c9GICA organizada por el INTA (CONICET- UNCAUS) y la UVT de UNCAUS. La actividad, realizada en formato h\u00edbrido, cont\u00f3 con la participaci\u00f3n de autoridades de la universidad y del CCT Nordeste, as\u00ed como de representantes de empresas y de asociaciones profesionales, miembros de cooperativas de productores, docentes, alumnos y p\u00fablico en general.<\/p>\n\n\n\n<p>En esta oportunidad se dieron a conocer los resultados preliminares del Proyecto \u201cVinculaci\u00f3n estrat\u00e9gica para la producci\u00f3n de conocimiento relativo a las actividades productivas del Chaco\u201d presentado en la convocatoria Vincular 2023.<\/p>\n\n\n\n<p>Adem\u00e1s, Se pusieron de relieve las Capacidades de Desarrollo Tecnol\u00f3gico disponibles para llevar adelante proyectos de investigaci\u00f3n, desarrollo y de asistencias t\u00e9cnicas requeridas por las empresas y las organizaciones de la sociedad civil, entre otras.<\/p>\n\n\n\n<p>Finalmente, se abri\u00f3 un espacio para intercambiar ideas, experiencias y propuestas que ayudar\u00e1n a profundizar la vinculaci\u00f3n entre los investigadores y el medio socio-productivo.<\/p>\n","protected":false},"excerpt":{"rendered":"<p>Este martes 30 de abril en la Sala de Consejo de la Universidad Nacional del Chaco Austral se llev\u00f3 a cabo la JORNADA DE VINCULACI\u00d3N ESTRAT\u00c9GICA organizada por el INTA (CONICET- UNCAUS) y la UVT de UNCAUS. La actividad, realizada en formato h\u00edbrido, cont\u00f3 con la participaci\u00f3n de autoridades de la universidad y del CCT [&hellip;]<\/p>\n","protected":false},"author":2,"featured_media":1097,"comment_status":"open","ping_status":"open","sticky":false,"template":"","format":"standard","meta":{"footnotes":""},"categories":[28],"tags":[],"class_list":{"0":"post-1096","1":"post","2":"type-post","3":"status-publish","4":"format-standard","5":"has-post-thumbnail","7":"category-locales"},"aioseo_notices":[],"_links":{"self":[{"href":"https:\/\/lalupa24.com.ar\/index.php\/wp-json\/wp\/v2\/posts\/1096","targetHints":{"allow":["GET"]}}],"collection":[{"href":"https:\/\/lalupa24.com.ar\/index.php\/wp-json\/wp\/v2\/posts"}],"about":[{"href":"https:\/\/lalupa24.com.ar\/index.php\/wp-json\/wp\/v2\/types\/post"}],"author":[{"embeddable":true,"href":"https:\/\/lalupa24.com.ar\/index.php\/wp-json\/wp\/v2\/users\/2"}],"replies":[{"embeddable":true,"href":"https:\/\/lalupa24.com.ar\/index.php\/wp-json\/wp\/v2\/comments?post=1096"}],"version-history":[{"count":1,"href":"https:\/\/lalupa24.com.ar\/index.php\/wp-json\/wp\/v2\/posts\/1096\/revisions"}],"predecessor-version":[{"id":1098,"href":"https:\/\/lalupa24.com.ar\/index.php\/wp-json\/wp\/v2\/posts\/1096\/revisions\/1098"}],"wp:featuredmedia":[{"embeddable":true,"href":"https:\/\/lalupa24.com.ar\/index.php\/wp-json\/wp\/v2\/media\/1097"}],"wp:attachment":[{"href":"https:\/\/lalupa24.com.ar\/index.php\/wp-json\/wp\/v2\/media?parent=1096"}],"wp:term":[{"taxonomy":"category","embeddable":true,"href":"https:\/\/lalupa24.com.ar\/index.php\/wp-json\/wp\/v2\/categories?post=1096"},{"taxonomy":"post_tag","embeddable":true,"href":"https:\/\/lalupa24.com.ar\/index.php\/wp-json\/wp\/v2\/tags?post=1096"}],"curies":[{"name":"wp","href":"https:\/\/api.w.org\/{rel}","templated":true}]}}