{"id":10972,"date":"2025-08-21T10:42:01","date_gmt":"2025-08-21T13:42:01","guid":{"rendered":"https:\/\/lalupa24.com.ar\/?p=10972"},"modified":"2025-08-21T10:42:03","modified_gmt":"2025-08-21T13:42:03","slug":"uno-por-uno-asi-voto-cada-diputado-para-sostener-el-veto-al-aumento-jubilatorio","status":"publish","type":"post","link":"https:\/\/lalupa24.com.ar\/index.php\/2025\/08\/21\/uno-por-uno-asi-voto-cada-diputado-para-sostener-el-veto-al-aumento-jubilatorio\/","title":{"rendered":"Uno por uno: as\u00ed vot\u00f3 cada diputado para sostener el veto al aumento jubilatorio"},"content":{"rendered":"\n<p>Con 160 votos a favor, 83 en contra, 6 abstenciones y 8 ausentes, la oposici\u00f3n no logr\u00f3 los dos tercios que necesitaba para dar vuelta el veto del presidente Javier Milei. Se denunciaron &#8220;aprietes&#8221; por parte de los gobernadores.<\/p>\n\n\n\n<p>La oposici\u00f3n no logr\u00f3 los dos tercios que necesitaba para dar vuelta el veto\u00a0del presidente Javier Milei\u00a0a la ley de incremento excepcional y de emergencia a las jubilaciones y pensiones.\u00a0Con\u00a0160 votos a favor, 83 en contra, 6 abstenciones y 8 ausentes, la votaci\u00f3n\u00a0result\u00f3 en negativo para los miles de jubilados y jubiladas\u00a0que perciben un haber m\u00ednimo y que sostienen una marcha hist\u00f3rica cada mi\u00e9rcoles en las inmediaciones del Congreso.\u00a0La ley aumentaba 7,2% todas las jubilaciones y pensiones, y dispon\u00eda el incremento del bono extraordinario de 70 mil pesos a 110 mil pesos.<\/p>\n\n\n\n<p>Cabe resaltar que 249 diputados se encontraban presentes en sus bancas y que la\u00a0mayor\u00eda especial requer\u00eda 166 votos a favor de la insistencia de la ley. Desde la oposici\u00f3n,\u00a0denunciaron \u201caprietes\u201d a los diputados que responden a las gobernaciones, incluso hasta minutos antes de votar. De esta manera, representantes de Entre R\u00edos, Misiones, R\u00edo Negro y Neuqu\u00e9n votaron en contra, se abstuvieron o estuvieron ausentes a la hora de la votaci\u00f3n<\/p>\n\n\n\n<h2 class=\"wp-block-heading\">Qui\u00e9nes votaron en contra de insistir con la ley<\/h2>\n\n\n\n<p>En contra de la insistencia votaron,\u00a035 de los ahora 36 integrantes de La Libertad Avanza;\u00a029 de los 35 integrantes del Pro; los 6 de Liga del Interior; los 2 santafesinos de Futuro y Libertad; Ricardo L\u00f3pez Murphy de Republicanos Unidos; el fueguino Ricardo Garramu\u00f1o; la tucumana Paula Omodeo; y la cordobesa del MID, Mar\u00eda Cecilia Ib\u00e1\u00f1ez.<\/p>\n\n\n\n<p>Tambi\u00e9n los mendocinos que responden al gobernador Alfredo Cornejo, Lisandro Nieri y Pamela Verasay, y sus compa\u00f1eros de bancada: Atilio Benedetti, Soledad Carrizo y Gerardo Cipolini. Por su parte, el santacruce\u00f1o Jos\u00e9 Luis Garrido tambi\u00e9n fue por la negativa. En el mismo sentido, vot\u00f3 Francisco Morchio de Encuentro Federal, quien responde a Rogelio Frigerio.<\/p>\n\n\n\n<h2 class=\"wp-block-heading\">Los que se abstuvieron o se ausentaron<\/h2>\n\n\n\n<p>Respecto a las\u00a06 abstenciones, 5 fueron puramente colaboraci\u00f3n de las gobernaciones de Entre R\u00edos y Misiones: Marcela Antola de Democracia para Siempre que responde al gobernador entrerriano Rogelio Frigerio; y Alberto Arrua, Carlos Fern\u00e1ndez, Yamila Ru\u00edz y Daniel Vancsik de Innovaci\u00f3n Federal que est\u00e1n alienados a Hugo Passalacqua.\u00a0La otra abstenci\u00f3n fue de Mar\u00eda Eugenia Vidal.<\/p>\n\n\n\n<p>Por \u00faltimo,\u00a0entre los 8 ausentes se cuentan a Agust\u00edn Domingo\u00a0de Innovaci\u00f3n Federal, que responde a Alberto Weretilneck, gobernador de R\u00edo Negro. Tampoco estuvo\u00a0Tanya Bertoldi, diputada nacional de Uni\u00f3n por la Patria, dialoguista del gobernador neuquino Rolando Figueroa.<\/p>\n\n\n\n<p>Estuvieron ausentes tanto en la votaci\u00f3n de aumento a jubilaciones como en la de la Ley de Emergencia en Discapacidad, el correntino Manuel Aguirre de Democracia para Siempre; y el catamarque\u00f1o de Uni\u00f3n por la Patria, Dante L\u00f3pez Rodr\u00edguez.<\/p>\n\n\n\n<p>Asimismo,\u00a0no estuvieron presentes: el santiague\u00f1o Jos\u00e9 G\u00f3mez- que seg\u00fan\u00a0<em>El Parlamentario<\/em>\u00a0enfrenta un problema de salud-, la misionera Florencia Klipauka de La Libertad Avanza, el formose\u00f1o Gerardo Gonz\u00e1lez de Coherencia y\u00a0Silvia Lospennato del Pro.<\/p>\n\n\n\n<p><\/p>\n","protected":false},"excerpt":{"rendered":"<p>Con 160 votos a favor, 83 en contra, 6 abstenciones y 8 ausentes, la oposici\u00f3n no logr\u00f3 los dos tercios que necesitaba para dar vuelta el veto del presidente Javier Milei. Se denunciaron &#8220;aprietes&#8221; por parte de los gobernadores. La oposici\u00f3n no logr\u00f3 los dos tercios que necesitaba para dar vuelta el veto\u00a0del presidente Javier [&hellip;]<\/p>\n","protected":false},"author":2,"featured_media":10973,"comment_status":"open","ping_status":"open","sticky":false,"template":"","format":"standard","meta":{"footnotes":""},"categories":[26],"tags":[],"class_list":{"0":"post-10972","1":"post","2":"type-post","3":"status-publish","4":"format-standard","5":"has-post-thumbnail","7":"category-nacionales"},"aioseo_notices":[],"_links":{"self":[{"href":"https:\/\/lalupa24.com.ar\/index.php\/wp-json\/wp\/v2\/posts\/10972","targetHints":{"allow":["GET"]}}],"collection":[{"href":"https:\/\/lalupa24.com.ar\/index.php\/wp-json\/wp\/v2\/posts"}],"about":[{"href":"https:\/\/lalupa24.com.ar\/index.php\/wp-json\/wp\/v2\/types\/post"}],"author":[{"embeddable":true,"href":"https:\/\/lalupa24.com.ar\/index.php\/wp-json\/wp\/v2\/users\/2"}],"replies":[{"embeddable":true,"href":"https:\/\/lalupa24.com.ar\/index.php\/wp-json\/wp\/v2\/comments?post=10972"}],"version-history":[{"count":1,"href":"https:\/\/lalupa24.com.ar\/index.php\/wp-json\/wp\/v2\/posts\/10972\/revisions"}],"predecessor-version":[{"id":10974,"href":"https:\/\/lalupa24.com.ar\/index.php\/wp-json\/wp\/v2\/posts\/10972\/revisions\/10974"}],"wp:featuredmedia":[{"embeddable":true,"href":"https:\/\/lalupa24.com.ar\/index.php\/wp-json\/wp\/v2\/media\/10973"}],"wp:attachment":[{"href":"https:\/\/lalupa24.com.ar\/index.php\/wp-json\/wp\/v2\/media?parent=10972"}],"wp:term":[{"taxonomy":"category","embeddable":true,"href":"https:\/\/lalupa24.com.ar\/index.php\/wp-json\/wp\/v2\/categories?post=10972"},{"taxonomy":"post_tag","embeddable":true,"href":"https:\/\/lalupa24.com.ar\/index.php\/wp-json\/wp\/v2\/tags?post=10972"}],"curies":[{"name":"wp","href":"https:\/\/api.w.org\/{rel}","templated":true}]}}