{"id":10979,"date":"2025-08-21T10:58:41","date_gmt":"2025-08-21T13:58:41","guid":{"rendered":"https:\/\/lalupa24.com.ar\/?p=10979"},"modified":"2025-08-21T10:58:43","modified_gmt":"2025-08-21T13:58:43","slug":"aprobaron-el-proyecto-que-modifica-el-huso-horario-en-argentina-cuanto-tiempo-habra-que-atrasar-los-relojes","status":"publish","type":"post","link":"https:\/\/lalupa24.com.ar\/index.php\/2025\/08\/21\/aprobaron-el-proyecto-que-modifica-el-huso-horario-en-argentina-cuanto-tiempo-habra-que-atrasar-los-relojes\/","title":{"rendered":"Aprobaron el proyecto que modifica el huso horario en Argentina: cu\u00e1nto tiempo habr\u00e1 que atrasar los relojes"},"content":{"rendered":"\n<p>obre la medianoche del jueves, la\u00a0C\u00e1mara de Diputados\u00a0opt\u00f3 por darle\u00a0media sanci\u00f3n\u00a0al proyecto presentado por el legislador mendocino\u00a0Julio Cobos\u00a0que propone modificar el huso horario en la argentina\u00a0<strong>\u00a0<\/strong>e implica retrasar una hora los relojes de todo el pa\u00eds para alcanzar un uso m\u00e1s eficiente de la energ\u00eda el\u00e9ctrica.<\/p>\n\n\n\n<p>El proyecto, que obtuvo\u00a0151 votos afirmativos, 66 negativos y 8 abstenciones, busca\u00a0alinear el horario nacional con la luz solar y reducir el consumo de energ\u00eda el\u00e9ctrica artificial. Actualmente, la hora oficial est\u00e1 fijada en\u00a0-03 GMT\u00a0y con esta iniciativa se adoptar\u00eda el huso horario correspondiente a cuatro horas al oeste del Meridiano de Greenwich, como establece el Sistema Internacional de Husos Horarios.<\/p>\n\n\n\n<p>En paralelo, el proyecto presentado por el diputado y ex vicepresidente tambi\u00e9n habilita la posibilidad de volver al huso de -03 GMT durante el\u00a0verano, y luego retomar el fijado por la nueva reglamentaci\u00f3n.<\/p>\n\n\n\n<h2 class=\"wp-block-heading\">Cambio del huso horario: Cobos explic\u00f3 los motivos<\/h2>\n\n\n\n<p>&#8220;Argentina tiene un desfasaje entre la hora oficial (-3) y el huso horario que realmente nos corresponde (-4)\u00a0y esto provoca varios inconvenientes. Por eso present\u00e9 un proyecto para modificar el horario oficial en todo el territorio nacional y llevarlo al huso horario correcto&#8221;, argument\u00f3 el legislador a trav\u00e9s de su cuenta oficial de\u00a0<em>X<\/em>.<\/p>\n\n\n\n<p>Cobos explic\u00f3 que &#8220;Argentina se encuentra casi en su totalidad dentro del huso horario de 4 horas al Oeste de Greenwich, solamente la zona cordillerana ingresa en el Huso -5&#8221; y agreg\u00f3: &#8220;Sin embargo usamos la hora del Huso -3. Adem\u00e1s, parte de Brasil, Paraguay, Bolivia, Venezuela y Chile, hoy est\u00e1n en el Huso -4&#8221;.<\/p>\n\n\n\n<p>En Argentina, durante las \u00faltimas d\u00e9cadas, el huso horario se modific\u00f3 por distintos motivos, uno de ellos fue la implementaci\u00f3n del\u00a0horario de verano\u00a0para ahorrar energ\u00eda, implementado sobre todo en per\u00edodos de crisis energ\u00e9tica durante el siglo XX.<\/p>\n\n\n\n<p>En paralelo, expertos se\u00f1alaron que el huso horario actual puede generar\u00a0inconvenientes y efectos negativos para la salud\u00a0y el rendimiento f\u00edsico, repercutiendo en el \u00e1nimo y la vida diaria, generando el denominado\u00a0<em>jet lag social.<\/em><\/p>\n\n\n\n<p>Es v\u00e1lido recordar que en el pa\u00eds, en 2007, se aprob\u00f3 la\u00a0<strong>Ley 26.350<\/strong>, que implement\u00f3 el sistema de horario de invierno y verano y alternaba entre -03 GMT y -02 GMT seg\u00fan la estaci\u00f3n. La aplicaci\u00f3n de la normativa qued\u00f3 suspendida en 2009 y los cambios volvieron a depender de las decisiones del gobierno de turno.<\/p>\n\n\n\n<p><\/p>\n","protected":false},"excerpt":{"rendered":"<p>obre la medianoche del jueves, la\u00a0C\u00e1mara de Diputados\u00a0opt\u00f3 por darle\u00a0media sanci\u00f3n\u00a0al proyecto presentado por el legislador mendocino\u00a0Julio Cobos\u00a0que propone modificar el huso horario en la argentina\u00a0\u00a0e implica retrasar una hora los relojes de todo el pa\u00eds para alcanzar un uso m\u00e1s eficiente de la energ\u00eda el\u00e9ctrica. El proyecto, que obtuvo\u00a0151 votos afirmativos, 66 negativos y [&hellip;]<\/p>\n","protected":false},"author":2,"featured_media":10980,"comment_status":"open","ping_status":"open","sticky":false,"template":"","format":"standard","meta":{"footnotes":""},"categories":[26],"tags":[],"class_list":{"0":"post-10979","1":"post","2":"type-post","3":"status-publish","4":"format-standard","5":"has-post-thumbnail","7":"category-nacionales"},"aioseo_notices":[],"_links":{"self":[{"href":"https:\/\/lalupa24.com.ar\/index.php\/wp-json\/wp\/v2\/posts\/10979","targetHints":{"allow":["GET"]}}],"collection":[{"href":"https:\/\/lalupa24.com.ar\/index.php\/wp-json\/wp\/v2\/posts"}],"about":[{"href":"https:\/\/lalupa24.com.ar\/index.php\/wp-json\/wp\/v2\/types\/post"}],"author":[{"embeddable":true,"href":"https:\/\/lalupa24.com.ar\/index.php\/wp-json\/wp\/v2\/users\/2"}],"replies":[{"embeddable":true,"href":"https:\/\/lalupa24.com.ar\/index.php\/wp-json\/wp\/v2\/comments?post=10979"}],"version-history":[{"count":1,"href":"https:\/\/lalupa24.com.ar\/index.php\/wp-json\/wp\/v2\/posts\/10979\/revisions"}],"predecessor-version":[{"id":10981,"href":"https:\/\/lalupa24.com.ar\/index.php\/wp-json\/wp\/v2\/posts\/10979\/revisions\/10981"}],"wp:featuredmedia":[{"embeddable":true,"href":"https:\/\/lalupa24.com.ar\/index.php\/wp-json\/wp\/v2\/media\/10980"}],"wp:attachment":[{"href":"https:\/\/lalupa24.com.ar\/index.php\/wp-json\/wp\/v2\/media?parent=10979"}],"wp:term":[{"taxonomy":"category","embeddable":true,"href":"https:\/\/lalupa24.com.ar\/index.php\/wp-json\/wp\/v2\/categories?post=10979"},{"taxonomy":"post_tag","embeddable":true,"href":"https:\/\/lalupa24.com.ar\/index.php\/wp-json\/wp\/v2\/tags?post=10979"}],"curies":[{"name":"wp","href":"https:\/\/api.w.org\/{rel}","templated":true}]}}