{"id":10994,"date":"2025-08-21T13:15:36","date_gmt":"2025-08-21T16:15:36","guid":{"rendered":"https:\/\/lalupa24.com.ar\/?p=10994"},"modified":"2025-08-21T13:15:38","modified_gmt":"2025-08-21T16:15:38","slug":"caputo-hablo-sobre-el-rechazo-de-diputados-al-veto-presidencial-nos-va-a-jugar-a-favor-la-gente-no-quiere-que-frenemos","status":"publish","type":"post","link":"https:\/\/lalupa24.com.ar\/index.php\/2025\/08\/21\/caputo-hablo-sobre-el-rechazo-de-diputados-al-veto-presidencial-nos-va-a-jugar-a-favor-la-gente-no-quiere-que-frenemos\/","title":{"rendered":"Caputo habl\u00f3 sobre el rechazo de Diputados al veto presidencial: \u201cNos va a jugar a favor, la gente no quiere que frenemos\u201d"},"content":{"rendered":"\n<p>El ministro de Econom\u00eda,\u00a0<strong>Luis Caputo<\/strong>, sostuvo que el rechazo en Diputados de uno de los vetos presidenciales a proyectos de ley con impacto fiscal son considerados\u00a0<strong>\u201cobst\u00e1culos de corto plazo\u201d<\/strong>\u00a0pero que el Gobierno \u201cno se va a mover un \u00e1pice\u201d en la pol\u00edtica fiscal.<\/p>\n\n\n\n<p>El jefe del Palacio de Hacienda expuso en el Council de las Am\u00e9ricas y se refiri\u00f3 a los acontecimientos de este mi\u00e9rcoles en el Congreso al sostener que los rechazos legislativos no alterar\u00e1n la hoja de ruta oficial. \u201cEn el equipo econ\u00f3mico nos lo tomamos como una situaci\u00f3n m\u00e1s. Ya hab\u00edamos hablado con el Presidente hace meses y nos hab\u00eda advertido sobre esto.\u00a0<strong>Est\u00e1bamos preparados<\/strong>\u201d, afirm\u00f3. A su juicio, se trata de \u201cobst\u00e1culos de corto plazo\u201d que no modifican el rumbo de mediano ni largo plazo.<\/p>\n","protected":false},"excerpt":{"rendered":"<p>El ministro de Econom\u00eda,\u00a0Luis Caputo, sostuvo que el rechazo en Diputados de uno de los vetos presidenciales a proyectos de ley con impacto fiscal son considerados\u00a0\u201cobst\u00e1culos de corto plazo\u201d\u00a0pero que el Gobierno \u201cno se va a mover un \u00e1pice\u201d en la pol\u00edtica fiscal. El jefe del Palacio de Hacienda expuso en el Council de las [&hellip;]<\/p>\n","protected":false},"author":2,"featured_media":3258,"comment_status":"open","ping_status":"open","sticky":false,"template":"","format":"standard","meta":{"footnotes":""},"categories":[26],"tags":[],"class_list":{"0":"post-10994","1":"post","2":"type-post","3":"status-publish","4":"format-standard","5":"has-post-thumbnail","7":"category-nacionales"},"aioseo_notices":[],"_links":{"self":[{"href":"https:\/\/lalupa24.com.ar\/index.php\/wp-json\/wp\/v2\/posts\/10994","targetHints":{"allow":["GET"]}}],"collection":[{"href":"https:\/\/lalupa24.com.ar\/index.php\/wp-json\/wp\/v2\/posts"}],"about":[{"href":"https:\/\/lalupa24.com.ar\/index.php\/wp-json\/wp\/v2\/types\/post"}],"author":[{"embeddable":true,"href":"https:\/\/lalupa24.com.ar\/index.php\/wp-json\/wp\/v2\/users\/2"}],"replies":[{"embeddable":true,"href":"https:\/\/lalupa24.com.ar\/index.php\/wp-json\/wp\/v2\/comments?post=10994"}],"version-history":[{"count":1,"href":"https:\/\/lalupa24.com.ar\/index.php\/wp-json\/wp\/v2\/posts\/10994\/revisions"}],"predecessor-version":[{"id":10995,"href":"https:\/\/lalupa24.com.ar\/index.php\/wp-json\/wp\/v2\/posts\/10994\/revisions\/10995"}],"wp:featuredmedia":[{"embeddable":true,"href":"https:\/\/lalupa24.com.ar\/index.php\/wp-json\/wp\/v2\/media\/3258"}],"wp:attachment":[{"href":"https:\/\/lalupa24.com.ar\/index.php\/wp-json\/wp\/v2\/media?parent=10994"}],"wp:term":[{"taxonomy":"category","embeddable":true,"href":"https:\/\/lalupa24.com.ar\/index.php\/wp-json\/wp\/v2\/categories?post=10994"},{"taxonomy":"post_tag","embeddable":true,"href":"https:\/\/lalupa24.com.ar\/index.php\/wp-json\/wp\/v2\/tags?post=10994"}],"curies":[{"name":"wp","href":"https:\/\/api.w.org\/{rel}","templated":true}]}}