{"id":10999,"date":"2025-08-21T13:17:20","date_gmt":"2025-08-21T16:17:20","guid":{"rendered":"https:\/\/lalupa24.com.ar\/?p=10999"},"modified":"2025-08-21T13:17:22","modified_gmt":"2025-08-21T16:17:22","slug":"guillermo-francos-revelo-una-frase-que-le-dijo-milei-debo-ser-el-presidente-menos-cruel-de-la-historia-argentina","status":"publish","type":"post","link":"https:\/\/lalupa24.com.ar\/index.php\/2025\/08\/21\/guillermo-francos-revelo-una-frase-que-le-dijo-milei-debo-ser-el-presidente-menos-cruel-de-la-historia-argentina\/","title":{"rendered":"Guillermo Francos revel\u00f3 una frase que le dijo Milei: \u201cDebo ser el presidente menos cruel de la historia argentina\u201d"},"content":{"rendered":"\n<p>Luego de un mi\u00e9rcoles en el que tuvo que negociar sin pausas para evitar otra jornada negra para el Gobierno en el Congreso, el jefe de Gabinete\u00a0<strong>Guillermo Francos<\/strong>\u00a0cuestion\u00f3 las cr\u00edticas de la oposici\u00f3n a la administraci\u00f3n libertaria.<\/p>\n\n\n\n<p>Al analizar la sesi\u00f3n en la\u00a0<strong>C\u00e1mara de Diputados<\/strong>, el funcionario describi\u00f3 la din\u00e1mica parlamentaria como una \u201cpuja\u201d permanente. \u201cLa semana pasada nos hab\u00edan goleado. Ayer estuve haciendo uso del tel\u00e9fono toda la tarde y<strong>\u00a0al final sacamos un empate<\/strong>, porque\u00a0<strong>le evitamos al ministro de Econom\u00eda un gasto que no pod\u00edamos afrontar<\/strong>\u201d, destac\u00f3 en referencia a que se pudo sostener el<strong>\u00a0veto presidencial<\/strong>\u00a0al aumento de las\u00a0<strong>jubilaciones<\/strong>.<\/p>\n","protected":false},"excerpt":{"rendered":"<p>Luego de un mi\u00e9rcoles en el que tuvo que negociar sin pausas para evitar otra jornada negra para el Gobierno en el Congreso, el jefe de Gabinete\u00a0Guillermo Francos\u00a0cuestion\u00f3 las cr\u00edticas de la oposici\u00f3n a la administraci\u00f3n libertaria. Al analizar la sesi\u00f3n en la\u00a0C\u00e1mara de Diputados, el funcionario describi\u00f3 la din\u00e1mica parlamentaria como una \u201cpuja\u201d permanente. [&hellip;]<\/p>\n","protected":false},"author":2,"featured_media":11000,"comment_status":"open","ping_status":"open","sticky":false,"template":"","format":"standard","meta":{"footnotes":""},"categories":[26],"tags":[],"class_list":{"0":"post-10999","1":"post","2":"type-post","3":"status-publish","4":"format-standard","5":"has-post-thumbnail","7":"category-nacionales"},"aioseo_notices":[],"_links":{"self":[{"href":"https:\/\/lalupa24.com.ar\/index.php\/wp-json\/wp\/v2\/posts\/10999","targetHints":{"allow":["GET"]}}],"collection":[{"href":"https:\/\/lalupa24.com.ar\/index.php\/wp-json\/wp\/v2\/posts"}],"about":[{"href":"https:\/\/lalupa24.com.ar\/index.php\/wp-json\/wp\/v2\/types\/post"}],"author":[{"embeddable":true,"href":"https:\/\/lalupa24.com.ar\/index.php\/wp-json\/wp\/v2\/users\/2"}],"replies":[{"embeddable":true,"href":"https:\/\/lalupa24.com.ar\/index.php\/wp-json\/wp\/v2\/comments?post=10999"}],"version-history":[{"count":1,"href":"https:\/\/lalupa24.com.ar\/index.php\/wp-json\/wp\/v2\/posts\/10999\/revisions"}],"predecessor-version":[{"id":11001,"href":"https:\/\/lalupa24.com.ar\/index.php\/wp-json\/wp\/v2\/posts\/10999\/revisions\/11001"}],"wp:featuredmedia":[{"embeddable":true,"href":"https:\/\/lalupa24.com.ar\/index.php\/wp-json\/wp\/v2\/media\/11000"}],"wp:attachment":[{"href":"https:\/\/lalupa24.com.ar\/index.php\/wp-json\/wp\/v2\/media?parent=10999"}],"wp:term":[{"taxonomy":"category","embeddable":true,"href":"https:\/\/lalupa24.com.ar\/index.php\/wp-json\/wp\/v2\/categories?post=10999"},{"taxonomy":"post_tag","embeddable":true,"href":"https:\/\/lalupa24.com.ar\/index.php\/wp-json\/wp\/v2\/tags?post=10999"}],"curies":[{"name":"wp","href":"https:\/\/api.w.org\/{rel}","templated":true}]}}