{"id":1106,"date":"2024-05-01T20:23:35","date_gmt":"2024-05-01T23:23:35","guid":{"rendered":"https:\/\/lalupa24.com.ar\/?p=1106"},"modified":"2024-05-01T20:45:55","modified_gmt":"2024-05-01T23:45:55","slug":"el-gobierno-denuncio-descontrol-y-negociados-en-becas-progresar-durante-la-gestion-de-alberto-fernandez","status":"publish","type":"post","link":"https:\/\/lalupa24.com.ar\/index.php\/2024\/05\/01\/el-gobierno-denuncio-descontrol-y-negociados-en-becas-progresar-durante-la-gestion-de-alberto-fernandez\/","title":{"rendered":"El Gobierno denunci\u00f3 descontrol y negociados en Becas Progresar durante la gesti\u00f3n de Alberto Fern\u00e1ndez"},"content":{"rendered":"\n<p><em>POR LUIS GASULLA<\/em><\/p>\n\n\n\n<p>Se trat\u00f3 de una caja de u$s340 millones que estaba en manos del Ministerio de Educaci\u00f3n anterior. Alertan que hubo un plan &#8220;limpiemos todo&#8221;<\/p>\n\n\n\n<p>El Gobierno denunci\u00f3 descontrol y negociados en Becas Progresar durante la gesti\u00f3n de Alberto Fern\u00e1ndez<\/p>\n\n\n\n<p>Esta semana, el Ministerio de Capital Humano a cargo de Sandra Pettovello realiz\u00f3 una nueva denuncia contra ex funcionarios del gobierno de Alberto Fern\u00e1ndez por el manejo de las Becas Progresar, dependientes del Ministerio de Educaci\u00f3n anterior. Por esa cartera pasaron Nicol\u00e1s Trotta, que dej\u00f3 su cargo en medio de discusiones por el cierre de los colegios durante la cuarentena eterna de Alberto Fern\u00e1ndez y Jaime Perczyk, su sucesor. No es la \u00fanica denuncia que realiz\u00f3 el gobierno de Javier Milei en contra de la gesti\u00f3n de Alberto Fern\u00e1ndez: tal como public\u00f3 este medio, tambi\u00e9n est\u00e1 bajo la mira un presunto negociado millonario de los guardapolvos de Tolosa Paz.<\/p>\n\n\n\n<p>El dinero para financiar el programa, creado durante la presidencia de Cristina Kirchner \u2013a\u00f1o 2014- y continuado por Mauricio Macri, se controlaba desde el ex Ministerio de Trabajo a cargo de Raquel &#8220;Kelly&#8221; Olmos. Exist\u00eda un \u00e1rea que controlaba los fondos internacionales girados a este tipo de programas de inclusi\u00f3n social. Esos funcionarios fueron apartados, hace 10 d\u00edas, por la funcionaria Pettovello en medio de operaciones cruzadas y cr\u00edticas a su gesti\u00f3n en los medios masivos de comunicaci\u00f3n.<\/p>\n\n\n\n<p>Uno de los 14 funcionarios desplazados de la actual Secretar\u00eda de Trabajo fue encontrado con una trituradora de papeles destruyendo documentaci\u00f3n vinculada con las Becas Progresar.<\/p>\n\n\n\n<p>Otro de los desplazados no se quer\u00eda retirar de sus oficinas mientras tomaba un whisky con absoluta impunidad.<\/p>\n\n\n\n<p>La Subsecretar\u00eda de Legales del Ministerio de Capital Humano, a cargo de Leila Gianni, fue quien firm\u00f3 la denuncia que ya se tramita en Comodoro Py. En la misma se describe el funcionamiento &#8220;incorrecto&#8221; del Plan.<\/p>\n\n\n\n<p>Apuntan contra la Direcci\u00f3n Nacional de Becas y Democratizaci\u00f3n Educativa, dependiente del ex ministerio de Educaci\u00f3n de Alberto Fern\u00e1ndez pero sin nombrar a ning\u00fan funcionario en particular. Aseguran que existieron negociados con las Becas Progresar dirigidas a j\u00f3venes estudiantes cuyo objetivo era finalizar el colegio secundario. Los destinatarios eran j\u00f3venes entre 16 y 24 a\u00f1os en una situaci\u00f3n vulnerable.<\/p>\n\n\n\n<p>Un funcionario del anterior gobierno fue encontrado triturando documentaci\u00f3n<\/p>\n\n\n\n<p>Becas Progresar, en la mira: \u00bfqu\u00e9 se detect\u00f3?<\/p>\n\n\n\n<p>Encontrarton un modus operandi similar al del Plan Potenciar Trabajo. Esto es, falta absoluta de control y asignaci\u00f3n de becas a familias que no cumpl\u00edan los requisitos. A su vez, no exist\u00eda sistema inform\u00e1tico integral para esquematizar el circuito de otorgamiento. Tampoco exist\u00edan legajos individuales de los beneficiarios ni documentaci\u00f3n que respalde el otorgamiento de la beca.<\/p>\n\n\n\n<p>La Sigen hab\u00eda realizado una investigaci\u00f3n preliminar y calific\u00f3 lo encontrado como de &#8220;impacto alto&#8221;. Seg\u00fan el organismo de control se trataba de un caso de &#8220;gravedad para el Estado Nacional&#8221;.<\/p>\n\n\n\n<p>Tal como se mencion\u00f3, la informaci\u00f3n se encontr\u00f3 en el marco de la desvinculaci\u00f3n de 13 funcionarios de la secretar\u00eda de Trabajo.<\/p>\n\n\n\n<p>Esto no fue el \u00fanico caso que encontraron dentro de dependencias del Ministerio de Capital Humano de hechos vinculados con tapar pruebas o destruirlas. En las \u00e1reas de Econom\u00eda Social que supo manejar Emilio P\u00e9rsico, pas\u00f3 algo similar.<\/p>\n\n\n\n<p>Capital Humano realiz\u00f3, en las \u00faltimas semanas, denuncias contra ex funcionarios del Ministerio de Trabajo, comedores &#8220;fantasmas&#8221;, los guardapolvos del ministerio de Victoria Tolosa Paz, el conflicto de intereses del ex funcionario Emilio P\u00e9rsico, el Fondo de Integraci\u00f3n Socio Urbana y est\u00e1 preparando otra presentaci\u00f3n apuntando contra funcionarios cercanos a Juan Grabois.<\/p>\n\n\n\n<p>Por estas horas, a su vez, se recolecta informaci\u00f3n sobre cooperativas y asociaciones civiles vinculadas con la UTEP y el Movimiento de Trabajadores Excluidos \u2013MTE- de Grabois para cruzar datos con el manejo de fondos p\u00fablicos que se realiz\u00f3 desde el INAES. Ese organismo deb\u00eda controlar las cooperativas y asociaciones.<\/p>\n\n\n\n<p>Por el momento, el gobierno paus\u00f3 las cooperativas creadas durante el albertismo, muchas de ellas, sospechadas de corrupci\u00f3n. En la direcci\u00f3n en las que trabaja Grabois, Pedro Echague 1265, se encontraron una veintena de cooperativas que recib\u00edan fondos p\u00fablicos. Es la misma direcci\u00f3n, tal como denunci\u00f3 la abogada Silvina Mart\u00ednez en La Cornisa, que figura en el documento personal de Grabois. Es el esc\u00e1ndalo que explotar\u00e1 pr\u00f3ximamente en Comodoro Py.<\/p>\n","protected":false},"excerpt":{"rendered":"<p>POR LUIS GASULLA Se trat\u00f3 de una caja de u$s340 millones que estaba en manos del Ministerio de Educaci\u00f3n anterior. Alertan que hubo un plan &#8220;limpiemos todo&#8221; El Gobierno denunci\u00f3 descontrol y negociados en Becas Progresar durante la gesti\u00f3n de Alberto Fern\u00e1ndez Esta semana, el Ministerio de Capital Humano a cargo de Sandra Pettovello realiz\u00f3 [&hellip;]<\/p>\n","protected":false},"author":2,"featured_media":1114,"comment_status":"open","ping_status":"open","sticky":false,"template":"","format":"standard","meta":{"footnotes":""},"categories":[28],"tags":[],"class_list":{"0":"post-1106","1":"post","2":"type-post","3":"status-publish","4":"format-standard","5":"has-post-thumbnail","7":"category-locales"},"aioseo_notices":[],"_links":{"self":[{"href":"https:\/\/lalupa24.com.ar\/index.php\/wp-json\/wp\/v2\/posts\/1106","targetHints":{"allow":["GET"]}}],"collection":[{"href":"https:\/\/lalupa24.com.ar\/index.php\/wp-json\/wp\/v2\/posts"}],"about":[{"href":"https:\/\/lalupa24.com.ar\/index.php\/wp-json\/wp\/v2\/types\/post"}],"author":[{"embeddable":true,"href":"https:\/\/lalupa24.com.ar\/index.php\/wp-json\/wp\/v2\/users\/2"}],"replies":[{"embeddable":true,"href":"https:\/\/lalupa24.com.ar\/index.php\/wp-json\/wp\/v2\/comments?post=1106"}],"version-history":[{"count":1,"href":"https:\/\/lalupa24.com.ar\/index.php\/wp-json\/wp\/v2\/posts\/1106\/revisions"}],"predecessor-version":[{"id":1108,"href":"https:\/\/lalupa24.com.ar\/index.php\/wp-json\/wp\/v2\/posts\/1106\/revisions\/1108"}],"wp:featuredmedia":[{"embeddable":true,"href":"https:\/\/lalupa24.com.ar\/index.php\/wp-json\/wp\/v2\/media\/1114"}],"wp:attachment":[{"href":"https:\/\/lalupa24.com.ar\/index.php\/wp-json\/wp\/v2\/media?parent=1106"}],"wp:term":[{"taxonomy":"category","embeddable":true,"href":"https:\/\/lalupa24.com.ar\/index.php\/wp-json\/wp\/v2\/categories?post=1106"},{"taxonomy":"post_tag","embeddable":true,"href":"https:\/\/lalupa24.com.ar\/index.php\/wp-json\/wp\/v2\/tags?post=1106"}],"curies":[{"name":"wp","href":"https:\/\/api.w.org\/{rel}","templated":true}]}}