{"id":11093,"date":"2025-08-22T10:25:26","date_gmt":"2025-08-22T13:25:26","guid":{"rendered":"https:\/\/lalupa24.com.ar\/?p=11093"},"modified":"2025-08-22T10:25:27","modified_gmt":"2025-08-22T13:25:27","slug":"lugones-en-el-vii-congreso-de-salud-adecra-cedim-2025-no-queremos-mas-de-lo-mismo-nuestra-mision-es-modificar-el-sistema","status":"publish","type":"post","link":"https:\/\/lalupa24.com.ar\/index.php\/2025\/08\/22\/lugones-en-el-vii-congreso-de-salud-adecra-cedim-2025-no-queremos-mas-de-lo-mismo-nuestra-mision-es-modificar-el-sistema\/","title":{"rendered":"Lugones, en el VII Congreso de Salud ADECRA + CEDIM 2025: \u201cNo queremos m\u00e1s de lo mismo. Nuestra misi\u00f3n es modificar el sistema\u201d"},"content":{"rendered":"\n<p>El ministro de Salud de la Naci\u00f3n, Mario Lugones, particip\u00f3 hoy del VII Congreso de Salud, organizado por la Asociaci\u00f3n de Cl\u00ednicas, Sanatorios y Hospitales Privados de la Rep\u00fablica Argentina (ADECRA) y la C\u00e1mara de Entidades de Diagn\u00f3stico y Tratamiento Ambulatorio (CEDIM). Durante el encuentro se exploraron temas clave como la transformaci\u00f3n digital, la gesti\u00f3n del cambio y la humanizaci\u00f3n de la atenci\u00f3n m\u00e9dica.<\/p>\n\n\n\n<p>&#8220;En los \u00faltimos a\u00f1os, el Ministerio de Salud creci\u00f3 mucho para que las provincias pudiesen venir, pedir un equipo, pedir que le pongan un hospital o comprar medicamentos. Las consecuencias despu\u00e9s de tantos a\u00f1os de este despilfarro son que no tenemos sistema p\u00fablico&#8221;, explic\u00f3 el ministro durante su discurso de cierre de la jornada.<br>Lugones tambi\u00e9n cuestion\u00f3 la ineficiencia previa en la gesti\u00f3n de los hospitales p\u00fablicos. &#8220;El Garrahan tiene 550 camas y trabajan 6.400 personas. Se dice que el hospital est\u00e1 desfinanciado, pero tiene un presupuesto de 220 millones de d\u00f3lares para este a\u00f1o\u201d, indic\u00f3 y agreg\u00f3: \u201cEl Garrahan es referente en la regi\u00f3n, hay que lograr que siga funcionando y que funcione cada vez mejor, pero hay que poner las cosas arriba de la mesa y decir c\u00f3mo son&#8221;.<\/p>\n\n\n\n<p>Luego, se refiri\u00f3 a la falta de transparencia que hab\u00eda en la compra de medicamentos. &#8220;Les cuento que en algunos de los hospitales el Omeprazol lo compraban a 496% m\u00e1s que si fuesen a la farmacia y lo compraban ustedes como un personal cualquiera. Nosotros no vamos a meternos con los precios, vamos a meternos con las cosas que oculten y que dificulten a que la gente pueda elegir bien&#8221;, sostuvo.<\/p>\n\n\n\n<p>Por \u00faltimo, el ministro asegur\u00f3: \u201cNosotros somos disruptivos, venimos a hacer transformaciones, y necesitamos el apoyo de ustedes para poder seguir haci\u00e9ndolas, as\u00ed que les pido que nos ayuden, que estemos juntos, que estemos cerca. Sepan que venimos a cambiar, no queremos m\u00e1s de lo mismo. Nuestra misi\u00f3n es modificar el sistema, poner blanco sobre negro, dejar de ser hip\u00f3critas, decir la verdad\u201d.<\/p>\n\n\n\n<p>El VII Congreso de Salud ADECRA + CEDIM 2025 es un punto de encuentro anual para l\u00edderes, profesionales y expertos del sector salud en Argentina. A trav\u00e9s de conferencias, paneles y debates, durante esta s\u00e9ptima edici\u00f3n se exploraron temas clave como la transformaci\u00f3n digital, la gesti\u00f3n del cambio y la humanizaci\u00f3n de la atenci\u00f3n m\u00e9dica.<\/p>\n\n\n\n<p>En la jornada, destacados referentes del sector compartieron sus experiencias y visiones sobre los desaf\u00edos actuales y las oportunidades que presenta la gesti\u00f3n eficiente, el liderazgo en tiempos de cambio, la innovaci\u00f3n centrada en el paciente y los desaf\u00edos y oportunidades en el sistema de salud.<\/p>\n","protected":false},"excerpt":{"rendered":"<p>El ministro de Salud de la Naci\u00f3n, Mario Lugones, particip\u00f3 hoy del VII Congreso de Salud, organizado por la Asociaci\u00f3n de Cl\u00ednicas, Sanatorios y Hospitales Privados de la Rep\u00fablica Argentina (ADECRA) y la C\u00e1mara de Entidades de Diagn\u00f3stico y Tratamiento Ambulatorio (CEDIM). Durante el encuentro se exploraron temas clave como la transformaci\u00f3n digital, la gesti\u00f3n [&hellip;]<\/p>\n","protected":false},"author":2,"featured_media":11094,"comment_status":"open","ping_status":"open","sticky":false,"template":"","format":"standard","meta":{"footnotes":""},"categories":[26],"tags":[],"class_list":{"0":"post-11093","1":"post","2":"type-post","3":"status-publish","4":"format-standard","5":"has-post-thumbnail","7":"category-nacionales"},"aioseo_notices":[],"_links":{"self":[{"href":"https:\/\/lalupa24.com.ar\/index.php\/wp-json\/wp\/v2\/posts\/11093","targetHints":{"allow":["GET"]}}],"collection":[{"href":"https:\/\/lalupa24.com.ar\/index.php\/wp-json\/wp\/v2\/posts"}],"about":[{"href":"https:\/\/lalupa24.com.ar\/index.php\/wp-json\/wp\/v2\/types\/post"}],"author":[{"embeddable":true,"href":"https:\/\/lalupa24.com.ar\/index.php\/wp-json\/wp\/v2\/users\/2"}],"replies":[{"embeddable":true,"href":"https:\/\/lalupa24.com.ar\/index.php\/wp-json\/wp\/v2\/comments?post=11093"}],"version-history":[{"count":1,"href":"https:\/\/lalupa24.com.ar\/index.php\/wp-json\/wp\/v2\/posts\/11093\/revisions"}],"predecessor-version":[{"id":11095,"href":"https:\/\/lalupa24.com.ar\/index.php\/wp-json\/wp\/v2\/posts\/11093\/revisions\/11095"}],"wp:featuredmedia":[{"embeddable":true,"href":"https:\/\/lalupa24.com.ar\/index.php\/wp-json\/wp\/v2\/media\/11094"}],"wp:attachment":[{"href":"https:\/\/lalupa24.com.ar\/index.php\/wp-json\/wp\/v2\/media?parent=11093"}],"wp:term":[{"taxonomy":"category","embeddable":true,"href":"https:\/\/lalupa24.com.ar\/index.php\/wp-json\/wp\/v2\/categories?post=11093"},{"taxonomy":"post_tag","embeddable":true,"href":"https:\/\/lalupa24.com.ar\/index.php\/wp-json\/wp\/v2\/tags?post=11093"}],"curies":[{"name":"wp","href":"https:\/\/api.w.org\/{rel}","templated":true}]}}