{"id":11103,"date":"2025-08-22T10:38:12","date_gmt":"2025-08-22T13:38:12","guid":{"rendered":"https:\/\/lalupa24.com.ar\/?p=11103"},"modified":"2025-08-22T10:38:14","modified_gmt":"2025-08-22T13:38:14","slug":"onu-declara-oficialmente-hambruna-en-gaza","status":"publish","type":"post","link":"https:\/\/lalupa24.com.ar\/index.php\/2025\/08\/22\/onu-declara-oficialmente-hambruna-en-gaza\/","title":{"rendered":"ONU declara oficialmente \u201chambruna\u201d en Gaza"},"content":{"rendered":"\n<p>La Clasificaci\u00f3n Integrada de Seguridad Alimentaria calific\u00f3 la situaci\u00f3n como \u201ccatastr\u00f3fica\u201d y advirti\u00f3 que en cosa de semanas la tragedia se extender\u00e1 a Deir el Balah y Jan Yunis, en la misma franja.<\/p>\n\n\n\n<p>\u00a0Naciones Unidas declar\u00f3 este viernes (22.08.2025) oficialmente la hambruna\u00a0en Gaza, la primera en afectar a Medio Oriente, luego de que sus expertos advirtieran que 500.000 personas se encontraban en una situaci\u00f3n &#8220;catastr\u00f3fica&#8221;.Israel \u00a0rechaz\u00f3 la decisi\u00f3n se\u00f1alando que respond\u00eda a las &#8220;mentiras de Hamas -grupo considerado terrorista por la UE- blanqueadas por organizaciones con intereses particulares\u201d.<\/p>\n\n\n\n<p>Tras meses de advertencias sobre una hambruna en el territorio devastado por la guerra, la Clasificaci\u00f3n Integrada de la Seguridad Alimentaria (IPC), organismo de la ONU con sede en Roma, confirm\u00f3 que una hambruna estaba en curso en la gobernaci\u00f3n de Gaza.<\/p>\n\n\n\n<p>&#8220;Tras 22 meses de conflicto incesante, m\u00e1s de medio mill\u00f3n de personas en la Franja de Gaza se enfrentan a condiciones catastr\u00f3ficas caracterizadas por el hambre, la indigencia y la muerte&#8221;, se\u00f1al\u00f3 la ONU. Lo peor se est\u00e1 viviendo en el norte de Gaza y particularmente en Ciudad de Gaza, donde hay un mill\u00f3n de personas y contra la cual Israel prepara una nueva ofensiva militar.<\/p>\n\n\n\n<h2 class=\"wp-block-heading\">Israel: &#8220;Mentiras de Ham\u00e1s&#8221;<\/h2>\n\n\n\n<p>Sin embargo, los datos revelados este viernes&nbsp;indican que &#8220;entre mediados de agosto y finales de septiembre de 2025 se prev\u00e9 que las condiciones empeoren a\u00fan m\u00e1s&#8221;, con una expansi\u00f3n de la hambruna hacia el centro y el sur del enclave. El director de la Oficina de Asuntos Humanitarios de la ONU, Tom Fletcher, indic\u00f3 que este desastre humanitario &#8220;podr\u00eda haberse evitado&#8221; sin &#8220;la obstrucci\u00f3n sistem\u00e1tica de Israel&#8221;.<\/p>\n\n\n\n<p>&#8220;Esta es una hambruna que podr\u00edamos haber evitado si nos lo hubieran permitido. Pero los alimentos se acumulan en las fronteras debido a la obstrucci\u00f3n sistem\u00e1tica de Israel&#8221;, declar\u00f3 Fletcher en una rueda de prensa en Ginebra, a\u00f1adiendo que &#8220;esta hambruna nos atormentar\u00e1 a todos&#8221;. En tanto, el jefe de derechos humanos de la ONU, Volker T\u00fcrk, acus\u00f3 al Gobierno de Israel de ser responsable de la hambruna.<\/p>\n\n\n\n<p>&#8220;La hambruna declarada en la gobernaci\u00f3n de Gaza es el resultado directo de las medidas adoptadas por el Gobierno israel\u00ed. Este ha restringido ilegalmente la entrada y distribuci\u00f3n de ayuda humanitaria y otros bienes necesarios para la supervivencia de la poblaci\u00f3n civil&#8221;, recalc\u00f3, agregando que las muertes resultantes del hambre impuesta a los gazat\u00edes tambi\u00e9n pueden considerarse &#8220;un crimen de guerra por asesinato intencionado&#8221;.<\/p>\n\n\n\n<p>Israel rechaz\u00f3 la decisi\u00f3n se\u00f1alando que la Clasificaci\u00f3n Integrada de la Seguridad Alimentaria &#8220;acaba de publicar un informe fabricado &#8216;a medida&#8217; para la falsa campa\u00f1a de Ham\u00e1s\u201d. Seg\u00fan el Ministerio de Exteriores israel\u00ed, la entidad se desvi\u00f3 &#8220;de sus propias reglas&#8221;, acusando que &#8220;todo (el informe) se basa en las mentiras de Ham\u00e1s blanqueadas por organizaciones con intereses particulares&#8221;.<\/p>\n","protected":false},"excerpt":{"rendered":"<p>La Clasificaci\u00f3n Integrada de Seguridad Alimentaria calific\u00f3 la situaci\u00f3n como \u201ccatastr\u00f3fica\u201d y advirti\u00f3 que en cosa de semanas la tragedia se extender\u00e1 a Deir el Balah y Jan Yunis, en la misma franja. \u00a0Naciones Unidas declar\u00f3 este viernes (22.08.2025) oficialmente la hambruna\u00a0en Gaza, la primera en afectar a Medio Oriente, luego de que sus expertos [&hellip;]<\/p>\n","protected":false},"author":2,"featured_media":11104,"comment_status":"open","ping_status":"open","sticky":false,"template":"","format":"standard","meta":{"footnotes":""},"categories":[25],"tags":[],"class_list":{"0":"post-11103","1":"post","2":"type-post","3":"status-publish","4":"format-standard","5":"has-post-thumbnail","7":"category-internacionales"},"aioseo_notices":[],"_links":{"self":[{"href":"https:\/\/lalupa24.com.ar\/index.php\/wp-json\/wp\/v2\/posts\/11103","targetHints":{"allow":["GET"]}}],"collection":[{"href":"https:\/\/lalupa24.com.ar\/index.php\/wp-json\/wp\/v2\/posts"}],"about":[{"href":"https:\/\/lalupa24.com.ar\/index.php\/wp-json\/wp\/v2\/types\/post"}],"author":[{"embeddable":true,"href":"https:\/\/lalupa24.com.ar\/index.php\/wp-json\/wp\/v2\/users\/2"}],"replies":[{"embeddable":true,"href":"https:\/\/lalupa24.com.ar\/index.php\/wp-json\/wp\/v2\/comments?post=11103"}],"version-history":[{"count":1,"href":"https:\/\/lalupa24.com.ar\/index.php\/wp-json\/wp\/v2\/posts\/11103\/revisions"}],"predecessor-version":[{"id":11105,"href":"https:\/\/lalupa24.com.ar\/index.php\/wp-json\/wp\/v2\/posts\/11103\/revisions\/11105"}],"wp:featuredmedia":[{"embeddable":true,"href":"https:\/\/lalupa24.com.ar\/index.php\/wp-json\/wp\/v2\/media\/11104"}],"wp:attachment":[{"href":"https:\/\/lalupa24.com.ar\/index.php\/wp-json\/wp\/v2\/media?parent=11103"}],"wp:term":[{"taxonomy":"category","embeddable":true,"href":"https:\/\/lalupa24.com.ar\/index.php\/wp-json\/wp\/v2\/categories?post=11103"},{"taxonomy":"post_tag","embeddable":true,"href":"https:\/\/lalupa24.com.ar\/index.php\/wp-json\/wp\/v2\/tags?post=11103"}],"curies":[{"name":"wp","href":"https:\/\/api.w.org\/{rel}","templated":true}]}}