{"id":11114,"date":"2025-08-22T10:57:16","date_gmt":"2025-08-22T13:57:16","guid":{"rendered":"https:\/\/lalupa24.com.ar\/?p=11114"},"modified":"2025-08-22T10:57:59","modified_gmt":"2025-08-22T13:57:59","slug":"estados-unidos-y-la-union-europea-cierran-un-acuerdo-para-evitar-la-guerra-comercial","status":"publish","type":"post","link":"https:\/\/lalupa24.com.ar\/index.php\/2025\/08\/22\/estados-unidos-y-la-union-europea-cierran-un-acuerdo-para-evitar-la-guerra-comercial\/","title":{"rendered":"Estados Unidos y la Uni\u00f3n Europea cierran un acuerdo para evitar la guerra comercial"},"content":{"rendered":"\n<p>El acuerdo establece un arancel del 15 por ciento para autom\u00f3viles y medicamentos europeos que ingresen a Estados Unidos, mientras que Bruselas habilitar\u00e1 el ingreso de l\u00e1cteos, carne y frutas del pa\u00eds norteamericano.<\/p>\n\n\n\n<p>\u00a0Esatados Unidos y la Union Europea\u00a0(UE) lanzaron este jueves un\u00a0comunicado conjunto\u00a0sobre su acuerdo comercial,que impone un arancel\u00a0del 15 por ciento\u00a0a una gran parte de los bienes europeos exportados a territorio estadounidense. Sin embargo, quedaron afuera sectores clave, y ambas partes indicaron que\u00a0las negociaciones seguir\u00e1n abiertas.<\/p>\n\n\n\n<p>Las autoridades de ambos bloques se\u00f1alaron que el acuerdo constituye &#8220;un primer paso\u00a0en un proceso que puede ampliarse para cubrir \u00e1reas adicionales&#8221;.\u00a0Entre los productos afectados se encuentran los\u00a0autom\u00f3viles\u00a0y los\u00a0medicamentos\u00a0europeos, que ser\u00e1n gravados al ingresar a Estados Unidos, seg\u00fan detall\u00f3 el comunicado firmado por la Uni\u00f3n Europea y la administraci\u00f3n de\u00a0Donald Trump<\/p>\n\n\n\n<p>Dentro del paquete de concesiones, la Uni\u00f3n Europea se comprometi\u00f3 a otorgar un \u201cacceso preferencial\u201d a su mercado para ciertos\u00a0productos agr\u00edcolas estadounidenses\u00a0como l\u00e1cteos, carne de cerdo, frutas, verduras y frutos secos, siempre que no se consideren sensibles para la econom\u00eda del bloque.\u00a0<\/p>\n\n\n\n<p>Adem\u00e1s del cap\u00edtulo comercial, la Uni\u00f3n Europea acord\u00f3\u00a0invertir 750.000 millones de d\u00f3lares\u00a0en el sector energ\u00e9tico estadounidense, y otros\u00a0600.000 millones en iniciativas adicionales\u00a0de inversi\u00f3n en el pa\u00eds norteamericano.<\/p>\n\n\n\n<h2 class=\"wp-block-heading\">&#8220;Estabilidad hoy. Crecimiento ma\u00f1ana&#8221;<\/h2>\n\n\n\n<p>Entre los puntos centrales del acuerdo figuran el arancel para bienes europeos, una&nbsp;<strong>tasa cero para autom\u00f3viles y productos industriales<\/strong>&nbsp;estadounidenses, y ciertas excepciones a la tarifa para sectores como aeronaves y sus componentes.<\/p>\n\n\n\n<p>Para el secretario de Comercio estadounidense,\u00a0Howard Lutnick, el acuerdo supone \u201cuna victoria para los trabajadores, las industrias de Estados Unidos y nuestra seguridad nacional\u201d pero tambi\u00e9n es beneficioso para europa. \u201cEl acuerdo\u00a0permite el acceso al mercado de 20 billones de d\u00f3lares\u00a0de la UE\u201d, celebr\u00f3 en su perfil de X.<\/p>\n\n\n\n<p>Por su parte, el comisario europeo de comercio,\u00a0Maros Sefcovic, tambi\u00e9n celebr\u00f3 haber logrado un l\u00edmite en las tarifas lament\u00f3 que \u201cno se haya podido incluir algunos sectores\u201d en las reducciones, aunque aclar\u00f3 que las conversaciones siguen abiertas y que \u201cestas puertas no est\u00e1n cerradas para siempre\u201d, aludiendo a futuras negociaciones. &#8220;Es un trato serio que restaura la confianza.\u00a0Estabilidad hoy. Crecimiento ma\u00f1ana&#8221;, escribi\u00f3 el europeo en sus redes sociales.<\/p>\n\n\n\n<p>Sin embargo, en declaraciones a la prensa frente a la Casa Blanca,\u00a0Peter Navarro, asesor comercial del presidente Trump, fue tajante al\u00a0descartar posibles exenciones arancelarias para el acero y el aluminio\u00a0de origen europeo. \u201cCada vez que intentamos otorgar una exenci\u00f3n a uno de nuestros aliados, se abus\u00f3 de ella\u201d, sostuvo Navarro.<\/p>\n\n\n\n<p>La presidenta de la Comisi\u00f3n Europea,\u00a0Ursula von der Leyen, defendi\u00f3 el entendimiento como\u00a0un alivio frente al arancel inicial del 27,5 por ciento\u00a0que Estados Unidos amenazaba imponer a los autos europeos. Al interior de Europa, el acuerdo gener\u00f3 preocupaci\u00f3n entre sectores empresariales y gobiernos que consideran\u00a0excesivas las concesiones realizadas<\/p>\n\n\n\n<p><\/p>\n","protected":false},"excerpt":{"rendered":"<p>El acuerdo establece un arancel del 15 por ciento para autom\u00f3viles y medicamentos europeos que ingresen a Estados Unidos, mientras que Bruselas habilitar\u00e1 el ingreso de l\u00e1cteos, carne y frutas del pa\u00eds norteamericano. \u00a0Esatados Unidos y la Union Europea\u00a0(UE) lanzaron este jueves un\u00a0comunicado conjunto\u00a0sobre su acuerdo comercial,que impone un arancel\u00a0del 15 por ciento\u00a0a una gran [&hellip;]<\/p>\n","protected":false},"author":2,"featured_media":11115,"comment_status":"open","ping_status":"open","sticky":false,"template":"","format":"standard","meta":{"footnotes":""},"categories":[25],"tags":[],"class_list":{"0":"post-11114","1":"post","2":"type-post","3":"status-publish","4":"format-standard","5":"has-post-thumbnail","7":"category-internacionales"},"aioseo_notices":[],"_links":{"self":[{"href":"https:\/\/lalupa24.com.ar\/index.php\/wp-json\/wp\/v2\/posts\/11114","targetHints":{"allow":["GET"]}}],"collection":[{"href":"https:\/\/lalupa24.com.ar\/index.php\/wp-json\/wp\/v2\/posts"}],"about":[{"href":"https:\/\/lalupa24.com.ar\/index.php\/wp-json\/wp\/v2\/types\/post"}],"author":[{"embeddable":true,"href":"https:\/\/lalupa24.com.ar\/index.php\/wp-json\/wp\/v2\/users\/2"}],"replies":[{"embeddable":true,"href":"https:\/\/lalupa24.com.ar\/index.php\/wp-json\/wp\/v2\/comments?post=11114"}],"version-history":[{"count":2,"href":"https:\/\/lalupa24.com.ar\/index.php\/wp-json\/wp\/v2\/posts\/11114\/revisions"}],"predecessor-version":[{"id":11117,"href":"https:\/\/lalupa24.com.ar\/index.php\/wp-json\/wp\/v2\/posts\/11114\/revisions\/11117"}],"wp:featuredmedia":[{"embeddable":true,"href":"https:\/\/lalupa24.com.ar\/index.php\/wp-json\/wp\/v2\/media\/11115"}],"wp:attachment":[{"href":"https:\/\/lalupa24.com.ar\/index.php\/wp-json\/wp\/v2\/media?parent=11114"}],"wp:term":[{"taxonomy":"category","embeddable":true,"href":"https:\/\/lalupa24.com.ar\/index.php\/wp-json\/wp\/v2\/categories?post=11114"},{"taxonomy":"post_tag","embeddable":true,"href":"https:\/\/lalupa24.com.ar\/index.php\/wp-json\/wp\/v2\/tags?post=11114"}],"curies":[{"name":"wp","href":"https:\/\/api.w.org\/{rel}","templated":true}]}}