{"id":11192,"date":"2025-08-23T11:53:53","date_gmt":"2025-08-23T14:53:53","guid":{"rendered":"https:\/\/lalupa24.com.ar\/?p=11192"},"modified":"2025-08-23T11:53:54","modified_gmt":"2025-08-23T14:53:54","slug":"la-prision-de-evin-simbolo-de-la-opresion-del-regimen-irani-reabrio-parcialmente-entre-ruinas-y-condiciones-inhumanas","status":"publish","type":"post","link":"https:\/\/lalupa24.com.ar\/index.php\/2025\/08\/23\/la-prision-de-evin-simbolo-de-la-opresion-del-regimen-irani-reabrio-parcialmente-entre-ruinas-y-condiciones-inhumanas\/","title":{"rendered":"La prisi\u00f3n de Evin, s\u00edmbolo de la opresi\u00f3n del r\u00e9gimen iran\u00ed, reabri\u00f3 parcialmente entre ruinas y condiciones inhumanas"},"content":{"rendered":"\n<p>La\u00a0<strong>prisi\u00f3n de Evin<\/strong>, uno de los s\u00edmbolos m\u00e1s notorios de la represi\u00f3n pol\u00edtica en\u00a0<strong>Ir\u00e1n<\/strong>, ha reabierto parcialmente y ha recibido de vuelta a unos\u00a0<strong>600 presos<\/strong>, en su mayor\u00eda disidentes y figuras pol\u00edticas, apenas dos meses despu\u00e9s de haber quedado devastada por un\u00a0<strong>ataque militar israel\u00ed en el marco de la Guerra de los 12 d\u00edas<\/strong>.<\/p>\n","protected":false},"excerpt":{"rendered":"<p>La\u00a0prisi\u00f3n de Evin, uno de los s\u00edmbolos m\u00e1s notorios de la represi\u00f3n pol\u00edtica en\u00a0Ir\u00e1n, ha reabierto parcialmente y ha recibido de vuelta a unos\u00a0600 presos, en su mayor\u00eda disidentes y figuras pol\u00edticas, apenas dos meses despu\u00e9s de haber quedado devastada por un\u00a0ataque militar israel\u00ed en el marco de la Guerra de los 12 d\u00edas.<\/p>\n","protected":false},"author":2,"featured_media":11193,"comment_status":"open","ping_status":"open","sticky":false,"template":"","format":"standard","meta":{"footnotes":""},"categories":[25],"tags":[],"class_list":{"0":"post-11192","1":"post","2":"type-post","3":"status-publish","4":"format-standard","5":"has-post-thumbnail","7":"category-internacionales"},"aioseo_notices":[],"_links":{"self":[{"href":"https:\/\/lalupa24.com.ar\/index.php\/wp-json\/wp\/v2\/posts\/11192","targetHints":{"allow":["GET"]}}],"collection":[{"href":"https:\/\/lalupa24.com.ar\/index.php\/wp-json\/wp\/v2\/posts"}],"about":[{"href":"https:\/\/lalupa24.com.ar\/index.php\/wp-json\/wp\/v2\/types\/post"}],"author":[{"embeddable":true,"href":"https:\/\/lalupa24.com.ar\/index.php\/wp-json\/wp\/v2\/users\/2"}],"replies":[{"embeddable":true,"href":"https:\/\/lalupa24.com.ar\/index.php\/wp-json\/wp\/v2\/comments?post=11192"}],"version-history":[{"count":1,"href":"https:\/\/lalupa24.com.ar\/index.php\/wp-json\/wp\/v2\/posts\/11192\/revisions"}],"predecessor-version":[{"id":11194,"href":"https:\/\/lalupa24.com.ar\/index.php\/wp-json\/wp\/v2\/posts\/11192\/revisions\/11194"}],"wp:featuredmedia":[{"embeddable":true,"href":"https:\/\/lalupa24.com.ar\/index.php\/wp-json\/wp\/v2\/media\/11193"}],"wp:attachment":[{"href":"https:\/\/lalupa24.com.ar\/index.php\/wp-json\/wp\/v2\/media?parent=11192"}],"wp:term":[{"taxonomy":"category","embeddable":true,"href":"https:\/\/lalupa24.com.ar\/index.php\/wp-json\/wp\/v2\/categories?post=11192"},{"taxonomy":"post_tag","embeddable":true,"href":"https:\/\/lalupa24.com.ar\/index.php\/wp-json\/wp\/v2\/tags?post=11192"}],"curies":[{"name":"wp","href":"https:\/\/api.w.org\/{rel}","templated":true}]}}