{"id":11248,"date":"2025-08-25T18:45:04","date_gmt":"2025-08-25T21:45:04","guid":{"rendered":"https:\/\/lalupa24.com.ar\/?p=11248"},"modified":"2025-08-25T18:45:06","modified_gmt":"2025-08-25T21:45:06","slug":"ante-la-presion-del-pro-para-que-lo-echen-lule-menem-salio-a-defenderse-y-culpo-al-kirchnerismo-de-las-coimas","status":"publish","type":"post","link":"https:\/\/lalupa24.com.ar\/index.php\/2025\/08\/25\/ante-la-presion-del-pro-para-que-lo-echen-lule-menem-salio-a-defenderse-y-culpo-al-kirchnerismo-de-las-coimas\/","title":{"rendered":"Ante la presi\u00f3n del PRO para que lo echen, Lule Menem sali\u00f3 a defenderse y culp\u00f3 al kirchnerismo de las coimas"},"content":{"rendered":"\n<p>Eduardo Lule Menem tuvo que desempolvar una cuenta de Twitter que nunca hab\u00eda utilizado para salir a defenderse del esc\u00e1ndalo de las coimas en la Andis, que atribuy\u00f3 a una &#8220;operaci\u00f3n&#8221; del kirchnerismo. Lo hizo baj\u00f3 una fuerte presi\u00f3n del PRO, donde creen que deben echarlo para &#8220;descomprimir&#8221;.<\/p>\n\n\n\n<p>&#8220;Jam\u00e1s imagine tener que salir a desmentir una burda operaci\u00f3n pol\u00edtica del kirchnerismo&#8221;, escribi\u00f3 Lule pasadas las 12 de la noche, un horario m\u00e1s que inusual para publicar un comunicado lo que revela la magnitud de la crisis que existe en el oficialismo. A los pocos minutos el tuit fue compartido por Mart\u00edn Menem, que le dio entidad y anunci\u00f3 que este lunes dar\u00e1 dos entrevistas.<\/p>\n\n\n\n<p>&#8220;No puedo hablar ni aseverar nada acerca de la autenticidad o no de los audios que circulan, pero si puedo asegurar la ABSOLUTA FALSEDAD DE SU CONTENIDO&#8221;, dice Menem que en ning\u00fan momento menciona ni cuestiona al extitular de Andis, Diego Spagnuolo.<\/p>\n\n\n\n<p>&#8220;Jam\u00e1s tuve intervenci\u00f3n de ning\u00fan tipo en las contrataciones del Andis. Ni de manera formal ni de manera informal. Nadie me mencion\u00f3 ning\u00fan hecho de corrupci\u00f3n, ni tampoco tuve conocimiento alguno de que algo il\u00edcito ocurriera en el Andis ni en ning\u00fan otro organismo del estado&#8221;, contin\u00faa Lule. &#8220;Jam\u00e1s habl\u00e9 con Karina Milei o con el presidente de la Naci\u00f3n sobre prestaciones, contratos o la actividad particular del Andis&#8221;, sostuvo.<\/p>\n","protected":false},"excerpt":{"rendered":"<p>Eduardo Lule Menem tuvo que desempolvar una cuenta de Twitter que nunca hab\u00eda utilizado para salir a defenderse del esc\u00e1ndalo de las coimas en la Andis, que atribuy\u00f3 a una &#8220;operaci\u00f3n&#8221; del kirchnerismo. Lo hizo baj\u00f3 una fuerte presi\u00f3n del PRO, donde creen que deben echarlo para &#8220;descomprimir&#8221;. &#8220;Jam\u00e1s imagine tener que salir a desmentir [&hellip;]<\/p>\n","protected":false},"author":2,"featured_media":11249,"comment_status":"open","ping_status":"open","sticky":false,"template":"","format":"standard","meta":{"footnotes":""},"categories":[26],"tags":[],"class_list":{"0":"post-11248","1":"post","2":"type-post","3":"status-publish","4":"format-standard","5":"has-post-thumbnail","7":"category-nacionales"},"aioseo_notices":[],"_links":{"self":[{"href":"https:\/\/lalupa24.com.ar\/index.php\/wp-json\/wp\/v2\/posts\/11248","targetHints":{"allow":["GET"]}}],"collection":[{"href":"https:\/\/lalupa24.com.ar\/index.php\/wp-json\/wp\/v2\/posts"}],"about":[{"href":"https:\/\/lalupa24.com.ar\/index.php\/wp-json\/wp\/v2\/types\/post"}],"author":[{"embeddable":true,"href":"https:\/\/lalupa24.com.ar\/index.php\/wp-json\/wp\/v2\/users\/2"}],"replies":[{"embeddable":true,"href":"https:\/\/lalupa24.com.ar\/index.php\/wp-json\/wp\/v2\/comments?post=11248"}],"version-history":[{"count":1,"href":"https:\/\/lalupa24.com.ar\/index.php\/wp-json\/wp\/v2\/posts\/11248\/revisions"}],"predecessor-version":[{"id":11250,"href":"https:\/\/lalupa24.com.ar\/index.php\/wp-json\/wp\/v2\/posts\/11248\/revisions\/11250"}],"wp:featuredmedia":[{"embeddable":true,"href":"https:\/\/lalupa24.com.ar\/index.php\/wp-json\/wp\/v2\/media\/11249"}],"wp:attachment":[{"href":"https:\/\/lalupa24.com.ar\/index.php\/wp-json\/wp\/v2\/media?parent=11248"}],"wp:term":[{"taxonomy":"category","embeddable":true,"href":"https:\/\/lalupa24.com.ar\/index.php\/wp-json\/wp\/v2\/categories?post=11248"},{"taxonomy":"post_tag","embeddable":true,"href":"https:\/\/lalupa24.com.ar\/index.php\/wp-json\/wp\/v2\/tags?post=11248"}],"curies":[{"name":"wp","href":"https:\/\/api.w.org\/{rel}","templated":true}]}}