{"id":11263,"date":"2025-08-25T18:53:13","date_gmt":"2025-08-25T21:53:13","guid":{"rendered":"https:\/\/lalupa24.com.ar\/?p=11263"},"modified":"2025-08-25T18:53:15","modified_gmt":"2025-08-25T21:53:15","slug":"pidieron-condenas-para-anibal-fernandez-y-jorge-capitanich-en-la-causa-futbol-para-todos","status":"publish","type":"post","link":"https:\/\/lalupa24.com.ar\/index.php\/2025\/08\/25\/pidieron-condenas-para-anibal-fernandez-y-jorge-capitanich-en-la-causa-futbol-para-todos\/","title":{"rendered":"Pidieron condenas para An\u00edbal Fern\u00e1ndez y Jorge Capitanich en la causa F\u00fatbol para Todos"},"content":{"rendered":"\n<p>En el juicio por la causa \u201cF\u00fatbol para Todos\u201d, el\u00a0<strong>fiscal general Miguel \u00c1ngel Osorio<\/strong>\u00a0pidi\u00f3 condenar a tres a\u00f1os de prisi\u00f3n e inhabilitaci\u00f3n perpetua para ejercer cargos p\u00fablicos a\u00a0<strong>An\u00edbal Fern\u00e1ndez<\/strong>, mientras que para\u00a0<strong>Jorge Capitanich<\/strong>\u00a0solicit\u00f3 una pena de ocho meses, en ambos casos por las presuntas irregularidades en las que habr\u00edan incurrido mientras se desempe\u00f1aron como jefes de Gabinete de\u00a0<strong>Cristina Fern\u00e1ndez de Kirchner<\/strong>. Seg\u00fan la acusaci\u00f3n, existi\u00f3 un\u00a0<strong>perjuicio al Estado por m\u00e1s de 131.608.000 pesos entre 2010 y 2015.<\/strong><\/p>\n\n\n\n<p>En su alegato de este lunes ante el Tribunal Oral Federal N\u00b0 1, el Ministerio P\u00fablico Fiscal tambi\u00e9n pidi\u00f3 condenar a\u00a0<strong>Luis Segura<\/strong>, ex presidente de AFA -dos a\u00f1os de prisi\u00f3n-;\u00a0<strong>Carlos Alberto Pandolfi<\/strong>, ex tesorero de Futbolistas Argentinos Agremiados (FAA) -un a\u00f1o-;\u00a0<strong>Norberto Monteleone<\/strong>, ex gerente general de ese sindicato -un a\u00f1o-; y a\u00a0<strong>Natale Antonio Rigano<\/strong>, expresidente de la firma Iveco -dos a\u00f1os-.<\/p>\n","protected":false},"excerpt":{"rendered":"<p>En el juicio por la causa \u201cF\u00fatbol para Todos\u201d, el\u00a0fiscal general Miguel \u00c1ngel Osorio\u00a0pidi\u00f3 condenar a tres a\u00f1os de prisi\u00f3n e inhabilitaci\u00f3n perpetua para ejercer cargos p\u00fablicos a\u00a0An\u00edbal Fern\u00e1ndez, mientras que para\u00a0Jorge Capitanich\u00a0solicit\u00f3 una pena de ocho meses, en ambos casos por las presuntas irregularidades en las que habr\u00edan incurrido mientras se desempe\u00f1aron como jefes [&hellip;]<\/p>\n","protected":false},"author":2,"featured_media":11264,"comment_status":"open","ping_status":"open","sticky":false,"template":"","format":"standard","meta":{"footnotes":""},"categories":[26],"tags":[],"class_list":{"0":"post-11263","1":"post","2":"type-post","3":"status-publish","4":"format-standard","5":"has-post-thumbnail","7":"category-nacionales"},"aioseo_notices":[],"_links":{"self":[{"href":"https:\/\/lalupa24.com.ar\/index.php\/wp-json\/wp\/v2\/posts\/11263","targetHints":{"allow":["GET"]}}],"collection":[{"href":"https:\/\/lalupa24.com.ar\/index.php\/wp-json\/wp\/v2\/posts"}],"about":[{"href":"https:\/\/lalupa24.com.ar\/index.php\/wp-json\/wp\/v2\/types\/post"}],"author":[{"embeddable":true,"href":"https:\/\/lalupa24.com.ar\/index.php\/wp-json\/wp\/v2\/users\/2"}],"replies":[{"embeddable":true,"href":"https:\/\/lalupa24.com.ar\/index.php\/wp-json\/wp\/v2\/comments?post=11263"}],"version-history":[{"count":1,"href":"https:\/\/lalupa24.com.ar\/index.php\/wp-json\/wp\/v2\/posts\/11263\/revisions"}],"predecessor-version":[{"id":11265,"href":"https:\/\/lalupa24.com.ar\/index.php\/wp-json\/wp\/v2\/posts\/11263\/revisions\/11265"}],"wp:featuredmedia":[{"embeddable":true,"href":"https:\/\/lalupa24.com.ar\/index.php\/wp-json\/wp\/v2\/media\/11264"}],"wp:attachment":[{"href":"https:\/\/lalupa24.com.ar\/index.php\/wp-json\/wp\/v2\/media?parent=11263"}],"wp:term":[{"taxonomy":"category","embeddable":true,"href":"https:\/\/lalupa24.com.ar\/index.php\/wp-json\/wp\/v2\/categories?post=11263"},{"taxonomy":"post_tag","embeddable":true,"href":"https:\/\/lalupa24.com.ar\/index.php\/wp-json\/wp\/v2\/tags?post=11263"}],"curies":[{"name":"wp","href":"https:\/\/api.w.org\/{rel}","templated":true}]}}