{"id":11275,"date":"2025-08-25T18:57:46","date_gmt":"2025-08-25T21:57:46","guid":{"rendered":"https:\/\/lalupa24.com.ar\/?p=11275"},"modified":"2025-08-25T18:57:48","modified_gmt":"2025-08-25T21:57:48","slug":"vuelos-de-cabotaje-los-mas-afectados-por-el-paro-de-controladores-aereos-como-sigue-el-cronograma-de-medidas-de-fuerza","status":"publish","type":"post","link":"https:\/\/lalupa24.com.ar\/index.php\/2025\/08\/25\/vuelos-de-cabotaje-los-mas-afectados-por-el-paro-de-controladores-aereos-como-sigue-el-cronograma-de-medidas-de-fuerza\/","title":{"rendered":"Vuelos de cabotaje, los m\u00e1s afectados por el paro de controladores a\u00e9reos: c\u00f3mo sigue el cronograma de medidas de fuerza"},"content":{"rendered":"\n<p>El paro de\u00a0<strong>controladores a\u00e9reos<\/strong>\u00a0afect\u00f3 este domingo a casi\u00a019.000 pasajeros\u00a0debido a que las aerol\u00edneas se vieron obligadas a cancelar y reprogramar varios\u00a0<strong>vuelos<\/strong>. Aquellos que viajaron hacia el interior del pa\u00eds fueron los principales perjudicados ya que las aerol\u00edneas internacionales tuvieron mayor margen de maniobra en las franjas horarias en que se llevaron adelante las medidas de fuerza.<\/p>\n","protected":false},"excerpt":{"rendered":"<p>El paro de\u00a0controladores a\u00e9reos\u00a0afect\u00f3 este domingo a casi\u00a019.000 pasajeros\u00a0debido a que las aerol\u00edneas se vieron obligadas a cancelar y reprogramar varios\u00a0vuelos. Aquellos que viajaron hacia el interior del pa\u00eds fueron los principales perjudicados ya que las aerol\u00edneas internacionales tuvieron mayor margen de maniobra en las franjas horarias en que se llevaron adelante las medidas de [&hellip;]<\/p>\n","protected":false},"author":2,"featured_media":11276,"comment_status":"open","ping_status":"open","sticky":false,"template":"","format":"standard","meta":{"footnotes":""},"categories":[26],"tags":[],"class_list":{"0":"post-11275","1":"post","2":"type-post","3":"status-publish","4":"format-standard","5":"has-post-thumbnail","7":"category-nacionales"},"aioseo_notices":[],"_links":{"self":[{"href":"https:\/\/lalupa24.com.ar\/index.php\/wp-json\/wp\/v2\/posts\/11275","targetHints":{"allow":["GET"]}}],"collection":[{"href":"https:\/\/lalupa24.com.ar\/index.php\/wp-json\/wp\/v2\/posts"}],"about":[{"href":"https:\/\/lalupa24.com.ar\/index.php\/wp-json\/wp\/v2\/types\/post"}],"author":[{"embeddable":true,"href":"https:\/\/lalupa24.com.ar\/index.php\/wp-json\/wp\/v2\/users\/2"}],"replies":[{"embeddable":true,"href":"https:\/\/lalupa24.com.ar\/index.php\/wp-json\/wp\/v2\/comments?post=11275"}],"version-history":[{"count":1,"href":"https:\/\/lalupa24.com.ar\/index.php\/wp-json\/wp\/v2\/posts\/11275\/revisions"}],"predecessor-version":[{"id":11277,"href":"https:\/\/lalupa24.com.ar\/index.php\/wp-json\/wp\/v2\/posts\/11275\/revisions\/11277"}],"wp:featuredmedia":[{"embeddable":true,"href":"https:\/\/lalupa24.com.ar\/index.php\/wp-json\/wp\/v2\/media\/11276"}],"wp:attachment":[{"href":"https:\/\/lalupa24.com.ar\/index.php\/wp-json\/wp\/v2\/media?parent=11275"}],"wp:term":[{"taxonomy":"category","embeddable":true,"href":"https:\/\/lalupa24.com.ar\/index.php\/wp-json\/wp\/v2\/categories?post=11275"},{"taxonomy":"post_tag","embeddable":true,"href":"https:\/\/lalupa24.com.ar\/index.php\/wp-json\/wp\/v2\/tags?post=11275"}],"curies":[{"name":"wp","href":"https:\/\/api.w.org\/{rel}","templated":true}]}}