{"id":11296,"date":"2025-08-26T09:44:45","date_gmt":"2025-08-26T12:44:45","guid":{"rendered":"https:\/\/lalupa24.com.ar\/?p=11296"},"modified":"2025-08-26T09:44:46","modified_gmt":"2025-08-26T12:44:46","slug":"maximo-kirchner-critico-a-axel-kicillof-en-plena-campana-electoral-y-reclamo-obras-en-quilmes","status":"publish","type":"post","link":"https:\/\/lalupa24.com.ar\/index.php\/2025\/08\/26\/maximo-kirchner-critico-a-axel-kicillof-en-plena-campana-electoral-y-reclamo-obras-en-quilmes\/","title":{"rendered":"M\u00e1ximo Kirchner critic\u00f3 a Axel Kicillof en plena campa\u00f1a electoral y reclam\u00f3 obras en Quilmes"},"content":{"rendered":"\n<p>A pocos d\u00edas de las\u00a0elecciones bonaerenses del\u00a0<strong>13 de septiembre<\/strong>, el diputado nacional\u00a0<strong>M\u00e1ximo Kirchner<\/strong>\u00a0reinstal\u00f3 la interna entre\u00a0<strong>La C\u00e1mpora\u00a0<\/strong>y el gobernador\u00a0<strong>Axel Kicillof<\/strong>. En medio de un acto pol\u00edtico, el presidente del\u00a0<strong>Partido Justicialista (PJ)<\/strong>\u00a0bonaerense dio un discurso en el que le reclam\u00f3 al mandatario obras para el municipio de Quilmes, donde gestiona la intendenta\u00a0<strong>Mayra Mendoza<\/strong>, dirigente de su agrupaci\u00f3n, e insinu\u00f3 que privilegia otros distritos como La Plata.<\/p>\n","protected":false},"excerpt":{"rendered":"<p>A pocos d\u00edas de las\u00a0elecciones bonaerenses del\u00a013 de septiembre, el diputado nacional\u00a0M\u00e1ximo Kirchner\u00a0reinstal\u00f3 la interna entre\u00a0La C\u00e1mpora\u00a0y el gobernador\u00a0Axel Kicillof. En medio de un acto pol\u00edtico, el presidente del\u00a0Partido Justicialista (PJ)\u00a0bonaerense dio un discurso en el que le reclam\u00f3 al mandatario obras para el municipio de Quilmes, donde gestiona la intendenta\u00a0Mayra Mendoza, dirigente de su [&hellip;]<\/p>\n","protected":false},"author":2,"featured_media":11297,"comment_status":"open","ping_status":"open","sticky":false,"template":"","format":"standard","meta":{"footnotes":""},"categories":[26],"tags":[],"class_list":{"0":"post-11296","1":"post","2":"type-post","3":"status-publish","4":"format-standard","5":"has-post-thumbnail","7":"category-nacionales"},"aioseo_notices":[],"_links":{"self":[{"href":"https:\/\/lalupa24.com.ar\/index.php\/wp-json\/wp\/v2\/posts\/11296","targetHints":{"allow":["GET"]}}],"collection":[{"href":"https:\/\/lalupa24.com.ar\/index.php\/wp-json\/wp\/v2\/posts"}],"about":[{"href":"https:\/\/lalupa24.com.ar\/index.php\/wp-json\/wp\/v2\/types\/post"}],"author":[{"embeddable":true,"href":"https:\/\/lalupa24.com.ar\/index.php\/wp-json\/wp\/v2\/users\/2"}],"replies":[{"embeddable":true,"href":"https:\/\/lalupa24.com.ar\/index.php\/wp-json\/wp\/v2\/comments?post=11296"}],"version-history":[{"count":1,"href":"https:\/\/lalupa24.com.ar\/index.php\/wp-json\/wp\/v2\/posts\/11296\/revisions"}],"predecessor-version":[{"id":11298,"href":"https:\/\/lalupa24.com.ar\/index.php\/wp-json\/wp\/v2\/posts\/11296\/revisions\/11298"}],"wp:featuredmedia":[{"embeddable":true,"href":"https:\/\/lalupa24.com.ar\/index.php\/wp-json\/wp\/v2\/media\/11297"}],"wp:attachment":[{"href":"https:\/\/lalupa24.com.ar\/index.php\/wp-json\/wp\/v2\/media?parent=11296"}],"wp:term":[{"taxonomy":"category","embeddable":true,"href":"https:\/\/lalupa24.com.ar\/index.php\/wp-json\/wp\/v2\/categories?post=11296"},{"taxonomy":"post_tag","embeddable":true,"href":"https:\/\/lalupa24.com.ar\/index.php\/wp-json\/wp\/v2\/tags?post=11296"}],"curies":[{"name":"wp","href":"https:\/\/api.w.org\/{rel}","templated":true}]}}