{"id":11306,"date":"2025-08-26T09:47:10","date_gmt":"2025-08-26T12:47:10","guid":{"rendered":"https:\/\/lalupa24.com.ar\/?p=11306"},"modified":"2025-08-26T09:47:12","modified_gmt":"2025-08-26T12:47:12","slug":"el-vaticano-expreso-su-asombro-por-la-violencia-en-gaza-y-pidio-soluciones-reales-a-la-crisis-humanitaria","status":"publish","type":"post","link":"https:\/\/lalupa24.com.ar\/index.php\/2025\/08\/26\/el-vaticano-expreso-su-asombro-por-la-violencia-en-gaza-y-pidio-soluciones-reales-a-la-crisis-humanitaria\/","title":{"rendered":"El Vaticano expres\u00f3 su asombro por la violencia en Gaza y pidi\u00f3 soluciones reales a la crisis humanitaria"},"content":{"rendered":"\n<p>El secretario de Estado vaticano, cardenal<strong>\u00a0Pietro Parolin<\/strong>, expres\u00f3 su preocupaci\u00f3n por la situaci\u00f3n en Gaza y asegur\u00f3 que en la Santa Sede est\u00e1n \u201c<strong>at\u00f3nitos<\/strong>\u201d ante la continuidad de la crisis y la falta de respuesta efectiva, luego de que un ataque israel\u00ed contra el<strong>\u00a0hospital Nasser en Khan Younis<\/strong>\u00a0provocara la muerte de al menos\u00a0<strong>20 personas<\/strong>, entre ellas cinco periodistas.<\/p>\n","protected":false},"excerpt":{"rendered":"<p>El secretario de Estado vaticano, cardenal\u00a0Pietro Parolin, expres\u00f3 su preocupaci\u00f3n por la situaci\u00f3n en Gaza y asegur\u00f3 que en la Santa Sede est\u00e1n \u201cat\u00f3nitos\u201d ante la continuidad de la crisis y la falta de respuesta efectiva, luego de que un ataque israel\u00ed contra el\u00a0hospital Nasser en Khan Younis\u00a0provocara la muerte de al menos\u00a020 personas, entre [&hellip;]<\/p>\n","protected":false},"author":2,"featured_media":11307,"comment_status":"open","ping_status":"open","sticky":false,"template":"","format":"standard","meta":{"footnotes":""},"categories":[25],"tags":[],"class_list":{"0":"post-11306","1":"post","2":"type-post","3":"status-publish","4":"format-standard","5":"has-post-thumbnail","7":"category-internacionales"},"aioseo_notices":[],"_links":{"self":[{"href":"https:\/\/lalupa24.com.ar\/index.php\/wp-json\/wp\/v2\/posts\/11306","targetHints":{"allow":["GET"]}}],"collection":[{"href":"https:\/\/lalupa24.com.ar\/index.php\/wp-json\/wp\/v2\/posts"}],"about":[{"href":"https:\/\/lalupa24.com.ar\/index.php\/wp-json\/wp\/v2\/types\/post"}],"author":[{"embeddable":true,"href":"https:\/\/lalupa24.com.ar\/index.php\/wp-json\/wp\/v2\/users\/2"}],"replies":[{"embeddable":true,"href":"https:\/\/lalupa24.com.ar\/index.php\/wp-json\/wp\/v2\/comments?post=11306"}],"version-history":[{"count":1,"href":"https:\/\/lalupa24.com.ar\/index.php\/wp-json\/wp\/v2\/posts\/11306\/revisions"}],"predecessor-version":[{"id":11308,"href":"https:\/\/lalupa24.com.ar\/index.php\/wp-json\/wp\/v2\/posts\/11306\/revisions\/11308"}],"wp:featuredmedia":[{"embeddable":true,"href":"https:\/\/lalupa24.com.ar\/index.php\/wp-json\/wp\/v2\/media\/11307"}],"wp:attachment":[{"href":"https:\/\/lalupa24.com.ar\/index.php\/wp-json\/wp\/v2\/media?parent=11306"}],"wp:term":[{"taxonomy":"category","embeddable":true,"href":"https:\/\/lalupa24.com.ar\/index.php\/wp-json\/wp\/v2\/categories?post=11306"},{"taxonomy":"post_tag","embeddable":true,"href":"https:\/\/lalupa24.com.ar\/index.php\/wp-json\/wp\/v2\/tags?post=11306"}],"curies":[{"name":"wp","href":"https:\/\/api.w.org\/{rel}","templated":true}]}}