{"id":11371,"date":"2025-08-27T17:38:44","date_gmt":"2025-08-27T20:38:44","guid":{"rendered":"https:\/\/lalupa24.com.ar\/?p=11371"},"modified":"2025-08-27T17:38:46","modified_gmt":"2025-08-27T20:38:46","slug":"espert-se-fue-en-la-moto-de-un-militante-libertario-tras-el-ataque-a-la-caravana-de-milei-en-lomas-de-zamora","status":"publish","type":"post","link":"https:\/\/lalupa24.com.ar\/index.php\/2025\/08\/27\/espert-se-fue-en-la-moto-de-un-militante-libertario-tras-el-ataque-a-la-caravana-de-milei-en-lomas-de-zamora\/","title":{"rendered":"Espert se fue en la moto de un militante libertario tras el ataque a la caravana de Milei en Lomas de Zamora"},"content":{"rendered":"\n<p>La caravana que encabez\u00f3 este mi\u00e9rcoles<strong>\u00a0Javier Milei en la localidad bonaerense de Lomas de Zamora,<\/strong>\u00a0junto a Karina Milei y otros representantes de La Libertad Avanza, se vio frustrada repentinamente por<strong>\u00a0un ataque de militantes de la oposici\u00f3n<\/strong>\u00a0que oblig\u00f3 a la inmediata evacuaci\u00f3n de toda la comitiva.<\/p>\n\n\n\n<p>Una de las im\u00e1genes que retrat\u00f3 el desesperado despliegue para resguardar a los dirigentes tuvo como protagonista al candidato a diputado&nbsp;<strong>Jos\u00e9 Luis Espert,<\/strong>&nbsp;quien se march\u00f3 a bordo de&nbsp;<strong>una moto conducida por un seguidor libertario.<\/strong><\/p>\n\n\n\n<p>Entre los empujones, las corridas y las piedras que lanzaban los agresores, Espert, que estaba vestido de traje, logr\u00f3 subirse r\u00e1pidamente en el veh\u00edculo del militante que le ofreci\u00f3 ayuda y se alej\u00f3 del lugar.<\/p>\n","protected":false},"excerpt":{"rendered":"<p>La caravana que encabez\u00f3 este mi\u00e9rcoles\u00a0Javier Milei en la localidad bonaerense de Lomas de Zamora,\u00a0junto a Karina Milei y otros representantes de La Libertad Avanza, se vio frustrada repentinamente por\u00a0un ataque de militantes de la oposici\u00f3n\u00a0que oblig\u00f3 a la inmediata evacuaci\u00f3n de toda la comitiva. Una de las im\u00e1genes que retrat\u00f3 el desesperado despliegue para [&hellip;]<\/p>\n","protected":false},"author":2,"featured_media":11373,"comment_status":"open","ping_status":"open","sticky":false,"template":"","format":"standard","meta":{"footnotes":""},"categories":[26],"tags":[],"class_list":{"0":"post-11371","1":"post","2":"type-post","3":"status-publish","4":"format-standard","5":"has-post-thumbnail","7":"category-nacionales"},"aioseo_notices":[],"_links":{"self":[{"href":"https:\/\/lalupa24.com.ar\/index.php\/wp-json\/wp\/v2\/posts\/11371","targetHints":{"allow":["GET"]}}],"collection":[{"href":"https:\/\/lalupa24.com.ar\/index.php\/wp-json\/wp\/v2\/posts"}],"about":[{"href":"https:\/\/lalupa24.com.ar\/index.php\/wp-json\/wp\/v2\/types\/post"}],"author":[{"embeddable":true,"href":"https:\/\/lalupa24.com.ar\/index.php\/wp-json\/wp\/v2\/users\/2"}],"replies":[{"embeddable":true,"href":"https:\/\/lalupa24.com.ar\/index.php\/wp-json\/wp\/v2\/comments?post=11371"}],"version-history":[{"count":1,"href":"https:\/\/lalupa24.com.ar\/index.php\/wp-json\/wp\/v2\/posts\/11371\/revisions"}],"predecessor-version":[{"id":11374,"href":"https:\/\/lalupa24.com.ar\/index.php\/wp-json\/wp\/v2\/posts\/11371\/revisions\/11374"}],"wp:featuredmedia":[{"embeddable":true,"href":"https:\/\/lalupa24.com.ar\/index.php\/wp-json\/wp\/v2\/media\/11373"}],"wp:attachment":[{"href":"https:\/\/lalupa24.com.ar\/index.php\/wp-json\/wp\/v2\/media?parent=11371"}],"wp:term":[{"taxonomy":"category","embeddable":true,"href":"https:\/\/lalupa24.com.ar\/index.php\/wp-json\/wp\/v2\/categories?post=11371"},{"taxonomy":"post_tag","embeddable":true,"href":"https:\/\/lalupa24.com.ar\/index.php\/wp-json\/wp\/v2\/tags?post=11371"}],"curies":[{"name":"wp","href":"https:\/\/api.w.org\/{rel}","templated":true}]}}