{"id":11428,"date":"2025-08-28T11:47:26","date_gmt":"2025-08-28T14:47:26","guid":{"rendered":"https:\/\/lalupa24.com.ar\/?p=11428"},"modified":"2025-08-28T11:47:28","modified_gmt":"2025-08-28T14:47:28","slug":"julieta-prandi-aconsejo-a-wanda-nara-tras-sus-acusaciones-de-violencia-a-mauro-icardi-la-justicia-tarda-pero-llega","status":"publish","type":"post","link":"https:\/\/lalupa24.com.ar\/index.php\/2025\/08\/28\/julieta-prandi-aconsejo-a-wanda-nara-tras-sus-acusaciones-de-violencia-a-mauro-icardi-la-justicia-tarda-pero-llega\/","title":{"rendered":"Julieta Prandi aconsej\u00f3 a Wanda Nara tras sus acusaciones de violencia a Mauro Icardi: \u201cLa justicia tarda pero llega\u201d"},"content":{"rendered":"\n<p>El silencio pesa, pero esta vez la voz de\u00a0<a href=\"https:\/\/www.infobae.com\/tag\/julieta-prandi\/\" target=\"_blank\" rel=\"noreferrer noopener\"><strong>Julieta Prandi<\/strong><\/a>\u00a0irrumpi\u00f3 con una mezcla de alivio y cansancio. Pasaron solo unas semanas desde que la\u00a0<strong>Justicia fall\u00f3 contra su exmarido,\u00a0<\/strong><a href=\"https:\/\/www.infobae.com\/sociedad\/policiales\/2025\/08\/13\/juicio-contra-el-ex-de-julieta-prandi-en-vivo-las-ultimas-noticias-sobre-el-veredicto-minuto-a-minuto\/\" target=\"_blank\" rel=\"noreferrer noopener\"><strong>Claudio Contardi, por violaci\u00f3n y da\u00f1o psicol\u00f3gico<\/strong><\/a>, y la actriz reconoci\u00f3 la magnitud de ese golpe. \u201cEstoy recomponi\u00e9ndome y tratando de hacerme a la idea\u2026 procesar por el cuerpo, que el cuerpo siempre habla. Entonces, empezando de cero, de a poquito. Fue fuert\u00edsimo y no es para menos, lo esper\u00e9 mucho tiempo, fueron cinco a\u00f1os. Entonces finalmente encontrar justicia es un alivio enorme\u201d, dijo al aire de<em>\u00a0LAM.<\/em><\/p>\n\n\n\n<p><strong>Cinco a\u00f1os de pericias, tratamientos, espera sin tregua<\/strong>. La actriz lo cuenta con sinceridad en una entrevista para el ciclo de \u00c1ngel de Brito: \u201cAhora, por supuesto,<strong>&nbsp;esperando que se terminen de dirimir cuestiones de apelaciones en casaci\u00f3n y ya est\u00e1, que se d\u00e9 un cierre<\/strong>\u201d. Pero el proceso judicial no es una p\u00e1gina que se pasa sin mirar atr\u00e1s: \u201cNo estoy encima de la causa. Pero ser\u00eda imposible no tener un ojo vigilante, porque existen esas instancias, por m\u00e1s de que es muy baja la posibilidad de que le hagan lugar a la apelaci\u00f3n y a volver a tener un juicio como pretenden, cuando todo eso se discuti\u00f3 hace m\u00e1s de un a\u00f1o en la justicia y fue \u00e9l quien no quiso tener un juicio por jurados. As\u00ed que entiendo que no va a suceder, pero bueno, uno ya quiere la sentencia firme y, y poder dar vuelta la p\u00e1gina.\u201d<\/p>\n\n\n\n<p>La vida insiste, avanza, se reinventa. Ella lo siente y lo expresa:&nbsp;<strong>\u201cMi vida actual es la de una mujer feliz. Estoy muy feliz con mis hijos, estoy muy enamorada.&nbsp;<\/strong>Estoy disfrutando mucho de mi trabajo. Amo hacer la radio\u201d.<\/p>\n","protected":false},"excerpt":{"rendered":"<p>El silencio pesa, pero esta vez la voz de\u00a0Julieta Prandi\u00a0irrumpi\u00f3 con una mezcla de alivio y cansancio. Pasaron solo unas semanas desde que la\u00a0Justicia fall\u00f3 contra su exmarido,\u00a0Claudio Contardi, por violaci\u00f3n y da\u00f1o psicol\u00f3gico, y la actriz reconoci\u00f3 la magnitud de ese golpe. \u201cEstoy recomponi\u00e9ndome y tratando de hacerme a la idea\u2026 procesar por el [&hellip;]<\/p>\n","protected":false},"author":2,"featured_media":11430,"comment_status":"open","ping_status":"open","sticky":false,"template":"","format":"standard","meta":{"footnotes":""},"categories":[26],"tags":[],"class_list":{"0":"post-11428","1":"post","2":"type-post","3":"status-publish","4":"format-standard","5":"has-post-thumbnail","7":"category-nacionales"},"aioseo_notices":[],"_links":{"self":[{"href":"https:\/\/lalupa24.com.ar\/index.php\/wp-json\/wp\/v2\/posts\/11428","targetHints":{"allow":["GET"]}}],"collection":[{"href":"https:\/\/lalupa24.com.ar\/index.php\/wp-json\/wp\/v2\/posts"}],"about":[{"href":"https:\/\/lalupa24.com.ar\/index.php\/wp-json\/wp\/v2\/types\/post"}],"author":[{"embeddable":true,"href":"https:\/\/lalupa24.com.ar\/index.php\/wp-json\/wp\/v2\/users\/2"}],"replies":[{"embeddable":true,"href":"https:\/\/lalupa24.com.ar\/index.php\/wp-json\/wp\/v2\/comments?post=11428"}],"version-history":[{"count":1,"href":"https:\/\/lalupa24.com.ar\/index.php\/wp-json\/wp\/v2\/posts\/11428\/revisions"}],"predecessor-version":[{"id":11431,"href":"https:\/\/lalupa24.com.ar\/index.php\/wp-json\/wp\/v2\/posts\/11428\/revisions\/11431"}],"wp:featuredmedia":[{"embeddable":true,"href":"https:\/\/lalupa24.com.ar\/index.php\/wp-json\/wp\/v2\/media\/11430"}],"wp:attachment":[{"href":"https:\/\/lalupa24.com.ar\/index.php\/wp-json\/wp\/v2\/media?parent=11428"}],"wp:term":[{"taxonomy":"category","embeddable":true,"href":"https:\/\/lalupa24.com.ar\/index.php\/wp-json\/wp\/v2\/categories?post=11428"},{"taxonomy":"post_tag","embeddable":true,"href":"https:\/\/lalupa24.com.ar\/index.php\/wp-json\/wp\/v2\/tags?post=11428"}],"curies":[{"name":"wp","href":"https:\/\/api.w.org\/{rel}","templated":true}]}}