{"id":11432,"date":"2025-08-28T11:48:11","date_gmt":"2025-08-28T14:48:11","guid":{"rendered":"https:\/\/lalupa24.com.ar\/?p=11432"},"modified":"2025-08-28T11:48:13","modified_gmt":"2025-08-28T14:48:13","slug":"guillermo-francos-el-presidente-no-debio-haber-confiado-en-spagnuolo","status":"publish","type":"post","link":"https:\/\/lalupa24.com.ar\/index.php\/2025\/08\/28\/guillermo-francos-el-presidente-no-debio-haber-confiado-en-spagnuolo\/","title":{"rendered":"Guillermo Francos: \u201cEl Presidente no debi\u00f3 haber confiado en Spagnuolo\u201d"},"content":{"rendered":"\n<p>El jefe de Gabinete\u00a0<strong>Guillermo Francos<\/strong>\u00a0consider\u00f3 este jueves que el presidente\u00a0<strong>Javier Milei<\/strong>\u00a0\u201cno debi\u00f3 haber confiado\u201d en\u00a0<strong>Diego Spagnuolo<\/strong>, desplazado de la\u00a0<strong>Agencia Nacional de Discapacidad (ANDIS)<\/strong>\u00a0tras la filtraci\u00f3n de audios en el que denuncia el pago de coimas. Adem\u00e1s, reconoci\u00f3 que existieron visitas a la\u00a0<strong>Quinta de Olivos<\/strong>\u00a0y respald\u00f3 a \u201cLule\u201d\u00a0<strong>Menem<\/strong>, uno de los involucrados en la causa.<\/p>\n\n\n\n<p>Consultado durante una entrevista con\u00a0<em>Radio Mitre<\/em>\u00a0si pondr\u00eda \u201clas manos en el fuego por Lule Menem\u201d, Francos respondi\u00f3: \u201cYo no tengo nada que reprocharle. Esto de preguntar si uno pone las manos en el fuego no tiene sentido. Yo lo conozco del trabajo en la gesti\u00f3n y desde el tiempo que lo conozco me parece una persona irreprochable. Como funcionario me parece una persona de confianza\u201d.<\/p>\n\n\n\n<p>Sobre el Presidente, resalt\u00f3 que es una \u201cpersona absolutamente honesta y transparente\u201d y agreg\u00f3: \u201cNo es de los que se abrazan a la caja fuerte\u201d. Sin embargo, al ser consultado por su entorno consider\u00f3 que \u201cclaramente Spagnuolo no lo era\u201d. \u201cNo s\u00e9 si era cercano pero lo conoce al Presidente y ha ido varias veces a las reuniones de \u00f3pera que hace el Presidente con algunas personas en Olivos. Si el Presidente confiaba en \u00e9l, bueno no debi\u00f3 haber confiado\u201d, dijo.<\/p>\n","protected":false},"excerpt":{"rendered":"<p>El jefe de Gabinete\u00a0Guillermo Francos\u00a0consider\u00f3 este jueves que el presidente\u00a0Javier Milei\u00a0\u201cno debi\u00f3 haber confiado\u201d en\u00a0Diego Spagnuolo, desplazado de la\u00a0Agencia Nacional de Discapacidad (ANDIS)\u00a0tras la filtraci\u00f3n de audios en el que denuncia el pago de coimas. Adem\u00e1s, reconoci\u00f3 que existieron visitas a la\u00a0Quinta de Olivos\u00a0y respald\u00f3 a \u201cLule\u201d\u00a0Menem, uno de los involucrados en la causa. Consultado [&hellip;]<\/p>\n","protected":false},"author":2,"featured_media":11433,"comment_status":"open","ping_status":"open","sticky":false,"template":"","format":"standard","meta":{"footnotes":""},"categories":[26],"tags":[],"class_list":{"0":"post-11432","1":"post","2":"type-post","3":"status-publish","4":"format-standard","5":"has-post-thumbnail","7":"category-nacionales"},"aioseo_notices":[],"_links":{"self":[{"href":"https:\/\/lalupa24.com.ar\/index.php\/wp-json\/wp\/v2\/posts\/11432","targetHints":{"allow":["GET"]}}],"collection":[{"href":"https:\/\/lalupa24.com.ar\/index.php\/wp-json\/wp\/v2\/posts"}],"about":[{"href":"https:\/\/lalupa24.com.ar\/index.php\/wp-json\/wp\/v2\/types\/post"}],"author":[{"embeddable":true,"href":"https:\/\/lalupa24.com.ar\/index.php\/wp-json\/wp\/v2\/users\/2"}],"replies":[{"embeddable":true,"href":"https:\/\/lalupa24.com.ar\/index.php\/wp-json\/wp\/v2\/comments?post=11432"}],"version-history":[{"count":1,"href":"https:\/\/lalupa24.com.ar\/index.php\/wp-json\/wp\/v2\/posts\/11432\/revisions"}],"predecessor-version":[{"id":11434,"href":"https:\/\/lalupa24.com.ar\/index.php\/wp-json\/wp\/v2\/posts\/11432\/revisions\/11434"}],"wp:featuredmedia":[{"embeddable":true,"href":"https:\/\/lalupa24.com.ar\/index.php\/wp-json\/wp\/v2\/media\/11433"}],"wp:attachment":[{"href":"https:\/\/lalupa24.com.ar\/index.php\/wp-json\/wp\/v2\/media?parent=11432"}],"wp:term":[{"taxonomy":"category","embeddable":true,"href":"https:\/\/lalupa24.com.ar\/index.php\/wp-json\/wp\/v2\/categories?post=11432"},{"taxonomy":"post_tag","embeddable":true,"href":"https:\/\/lalupa24.com.ar\/index.php\/wp-json\/wp\/v2\/tags?post=11432"}],"curies":[{"name":"wp","href":"https:\/\/api.w.org\/{rel}","templated":true}]}}