{"id":11475,"date":"2025-08-29T09:34:56","date_gmt":"2025-08-29T12:34:56","guid":{"rendered":"https:\/\/lalupa24.com.ar\/?p=11475"},"modified":"2025-08-29T09:34:57","modified_gmt":"2025-08-29T12:34:57","slug":"el-pro-se-prepara-para-la-campana-portena-entre-el-acuerdo-con-lla-y-una-etapa-de-reconfiguracion","status":"publish","type":"post","link":"https:\/\/lalupa24.com.ar\/index.php\/2025\/08\/29\/el-pro-se-prepara-para-la-campana-portena-entre-el-acuerdo-con-lla-y-una-etapa-de-reconfiguracion\/","title":{"rendered":"El PRO se prepara para la campa\u00f1a porte\u00f1a, entre el acuerdo con LLA y una etapa de reconfiguraci\u00f3n"},"content":{"rendered":"\n<p>El PRO ya afina, con un ojo, su estrategia electoral para la campa\u00f1a porte\u00f1a, mientras con el otro se prepara para la contienda m\u00e1s pr\u00f3xima, el 7 de septiembre, en la provincia de Buenos Aires. Son particularidades de la pol\u00edtica argentina, donde conviven procesos pol\u00edticos casi en paralelo. En CABA, y luego de la implosi\u00f3n interna que represent\u00f3 la dura derrota en los comicios locales de mayo, se pondr\u00e1 a prueba la alianza con LLA que, entre otros puntos, implica un \u201cacuerdo de gobernabilidad\u201d, pero con un atenuante: ni el jefe de Gobierno,\u00a0<strong>Jorge Macri<\/strong>, ni los candidatos amarillos que integran las listas, se pintar\u00e1n de violeta.<\/p>\n","protected":false},"excerpt":{"rendered":"<p>El PRO ya afina, con un ojo, su estrategia electoral para la campa\u00f1a porte\u00f1a, mientras con el otro se prepara para la contienda m\u00e1s pr\u00f3xima, el 7 de septiembre, en la provincia de Buenos Aires. Son particularidades de la pol\u00edtica argentina, donde conviven procesos pol\u00edticos casi en paralelo. En CABA, y luego de la implosi\u00f3n [&hellip;]<\/p>\n","protected":false},"author":2,"featured_media":11476,"comment_status":"open","ping_status":"open","sticky":false,"template":"","format":"standard","meta":{"footnotes":""},"categories":[26],"tags":[],"class_list":{"0":"post-11475","1":"post","2":"type-post","3":"status-publish","4":"format-standard","5":"has-post-thumbnail","7":"category-nacionales"},"aioseo_notices":[],"_links":{"self":[{"href":"https:\/\/lalupa24.com.ar\/index.php\/wp-json\/wp\/v2\/posts\/11475","targetHints":{"allow":["GET"]}}],"collection":[{"href":"https:\/\/lalupa24.com.ar\/index.php\/wp-json\/wp\/v2\/posts"}],"about":[{"href":"https:\/\/lalupa24.com.ar\/index.php\/wp-json\/wp\/v2\/types\/post"}],"author":[{"embeddable":true,"href":"https:\/\/lalupa24.com.ar\/index.php\/wp-json\/wp\/v2\/users\/2"}],"replies":[{"embeddable":true,"href":"https:\/\/lalupa24.com.ar\/index.php\/wp-json\/wp\/v2\/comments?post=11475"}],"version-history":[{"count":1,"href":"https:\/\/lalupa24.com.ar\/index.php\/wp-json\/wp\/v2\/posts\/11475\/revisions"}],"predecessor-version":[{"id":11477,"href":"https:\/\/lalupa24.com.ar\/index.php\/wp-json\/wp\/v2\/posts\/11475\/revisions\/11477"}],"wp:featuredmedia":[{"embeddable":true,"href":"https:\/\/lalupa24.com.ar\/index.php\/wp-json\/wp\/v2\/media\/11476"}],"wp:attachment":[{"href":"https:\/\/lalupa24.com.ar\/index.php\/wp-json\/wp\/v2\/media?parent=11475"}],"wp:term":[{"taxonomy":"category","embeddable":true,"href":"https:\/\/lalupa24.com.ar\/index.php\/wp-json\/wp\/v2\/categories?post=11475"},{"taxonomy":"post_tag","embeddable":true,"href":"https:\/\/lalupa24.com.ar\/index.php\/wp-json\/wp\/v2\/tags?post=11475"}],"curies":[{"name":"wp","href":"https:\/\/api.w.org\/{rel}","templated":true}]}}