{"id":11494,"date":"2025-08-28T10:03:41","date_gmt":"2025-08-28T13:03:41","guid":{"rendered":"https:\/\/lalupa24.com.ar\/?p=11494"},"modified":"2025-08-29T10:05:11","modified_gmt":"2025-08-29T13:05:11","slug":"puerto-eva-peron-se-realizo-un-nuevo-operativo-de-abordaje-territorial-2","status":"publish","type":"post","link":"https:\/\/lalupa24.com.ar\/index.php\/2025\/08\/28\/puerto-eva-peron-se-realizo-un-nuevo-operativo-de-abordaje-territorial-2\/","title":{"rendered":"Puerto Eva Per\u00f3n, se realiz\u00f3 un nuevo operativo de abordaje territorial"},"content":{"rendered":"\n<p>La jornada se desarroll\u00f3 ayer de 9 a 12 horas y cont\u00f3 con atenciones en medicina general, obstetricia, enfermer\u00eda, pediatr\u00eda, odontolog\u00eda y vacunaci\u00f3n (calendario, antigripal, Qdenga y Covid-19). Adem\u00e1s, participaron programas provinciales como Fortaleza e Incluir Salud, junto al Programa de Protecci\u00f3n Animal \u201cDejando Huellas\u201d y el Departamento de Lucha contra la Trata de Personas.<\/p>\n\n\n\n<p>El subsecretario de Redes de Salud, Marcelo Ojeda, destac\u00f3: \u201cEstuvimos en Puerto Eva Per\u00f3n, llevando adelante un operativo articulado junto a distintos ministerios de la Provincia, con el objetivo de acercar servicios, acompa\u00f1amiento y soluciones concretas a la comunidad. Esta jornada reflej\u00f3 la importancia del trabajo en equipo y de la presencia del Gobierno en el territorio, garantizando que cada vecino pueda acceder a sus derechos de manera m\u00e1s cercana y efectiva\u201d.<\/p>\n\n\n\n<p>El operativo fue organizado por el Ministerio de Salud, a trav\u00e9s de la Subsecretar\u00eda de Redes de Salud \u2013 Este, la Direcci\u00f3n de Regi\u00f3n Sanitaria III, Nachec, Incluir Salud y otras \u00e1reas provinciales.<\/p>\n","protected":false},"excerpt":{"rendered":"<p>La jornada se desarroll\u00f3 ayer de 9 a 12 horas y cont\u00f3 con atenciones en medicina general, obstetricia, enfermer\u00eda, pediatr\u00eda, odontolog\u00eda y vacunaci\u00f3n (calendario, antigripal, Qdenga y Covid-19). Adem\u00e1s, participaron programas provinciales como Fortaleza e Incluir Salud, junto al Programa de Protecci\u00f3n Animal \u201cDejando Huellas\u201d y el Departamento de Lucha contra la Trata de Personas. [&hellip;]<\/p>\n","protected":false},"author":2,"featured_media":11495,"comment_status":"open","ping_status":"open","sticky":false,"template":"","format":"standard","meta":{"footnotes":""},"categories":[28],"tags":[],"class_list":{"0":"post-11494","1":"post","2":"type-post","3":"status-publish","4":"format-standard","5":"has-post-thumbnail","7":"category-locales"},"aioseo_notices":[],"_links":{"self":[{"href":"https:\/\/lalupa24.com.ar\/index.php\/wp-json\/wp\/v2\/posts\/11494","targetHints":{"allow":["GET"]}}],"collection":[{"href":"https:\/\/lalupa24.com.ar\/index.php\/wp-json\/wp\/v2\/posts"}],"about":[{"href":"https:\/\/lalupa24.com.ar\/index.php\/wp-json\/wp\/v2\/types\/post"}],"author":[{"embeddable":true,"href":"https:\/\/lalupa24.com.ar\/index.php\/wp-json\/wp\/v2\/users\/2"}],"replies":[{"embeddable":true,"href":"https:\/\/lalupa24.com.ar\/index.php\/wp-json\/wp\/v2\/comments?post=11494"}],"version-history":[{"count":1,"href":"https:\/\/lalupa24.com.ar\/index.php\/wp-json\/wp\/v2\/posts\/11494\/revisions"}],"predecessor-version":[{"id":11496,"href":"https:\/\/lalupa24.com.ar\/index.php\/wp-json\/wp\/v2\/posts\/11494\/revisions\/11496"}],"wp:featuredmedia":[{"embeddable":true,"href":"https:\/\/lalupa24.com.ar\/index.php\/wp-json\/wp\/v2\/media\/11495"}],"wp:attachment":[{"href":"https:\/\/lalupa24.com.ar\/index.php\/wp-json\/wp\/v2\/media?parent=11494"}],"wp:term":[{"taxonomy":"category","embeddable":true,"href":"https:\/\/lalupa24.com.ar\/index.php\/wp-json\/wp\/v2\/categories?post=11494"},{"taxonomy":"post_tag","embeddable":true,"href":"https:\/\/lalupa24.com.ar\/index.php\/wp-json\/wp\/v2\/tags?post=11494"}],"curies":[{"name":"wp","href":"https:\/\/api.w.org\/{rel}","templated":true}]}}