{"id":1150,"date":"2024-04-02T21:56:00","date_gmt":"2024-04-03T00:56:00","guid":{"rendered":"https:\/\/lalupa24.com.ar\/?p=1150"},"modified":"2024-05-05T21:59:30","modified_gmt":"2024-05-06T00:59:30","slug":"en-presidencia-de-la-plaza-zdero-encabezo-el-acto-central-del-2-de-abril","status":"publish","type":"post","link":"https:\/\/lalupa24.com.ar\/index.php\/2024\/04\/02\/en-presidencia-de-la-plaza-zdero-encabezo-el-acto-central-del-2-de-abril\/","title":{"rendered":"En Presidencia de la Plaza Zdero encabez\u00f3 el acto central del 2 de abril"},"content":{"rendered":"\n<p>El gobernador Leandro Zdero presidi\u00f3 hoy el acto central por el D\u00eda del Veterano y de los Ca\u00eddos en la Guerra de Malvinas, que se realiz\u00f3 en Presidencia de la Plaza.<\/p>\n\n\n\n<p>\u201cTenemos la firme decisi\u00f3n de acompa\u00f1arlos y honrarlos. Hemos hecho un compromiso, de trabajar con nuestros Veteranos, con las Asociaciones para llevar ese mensaje, en la voz propia, a nuestras escuelas para que prenda fuego y encienda en el coraz\u00f3n de los chaque\u00f1os, de los argentinos, la Gesta de Malvinas y la pertenencia de esa Argentina que ustedes nos transmiten y nos hacen sentirla. Decirles que no est\u00e1n solos, vamos a honrarlos siempre, a nuestros h\u00e9roes, los Veteranos y Ca\u00eddos en Malvinas\u201d- manifest\u00f3 el mandatario provincial.<\/p>\n\n\n\n<p>Por otra parte, durante el discurso en el acto central, el gobernador mencion\u00f3 que: \u201cEn cada despedida, tambi\u00e9n tomamos la responsabilidad de hacerlo con todos los honores que se merecen, como lo venimos haciendo desde el primer d\u00eda que asumimos el gobierno; tambi\u00e9n brindarles salud, seguridad y educaci\u00f3n como lo merecen todos los chaque\u00f1os. Estamos convencidos que la Argentina puede, el Chaco puede, somos capaces de levantarnos frente a las adversidades y ustedes son ejemplo\u201d.&nbsp;<\/p>\n\n\n\n<p>Al llegar a Presidencia de la Plaza, el gobernador junto al intendente local, Diego Bernachea inauguraron la escultura del Paseo \u201cPlaza abraza a sus h\u00e9roes de Malvinas\u201d junto a Agrupaciones y Asociaciones de Ex combatientes y familiares. Adem\u00e1s, durante el acto, se entregaron reconocimientos a los familiares de Rub\u00e9n G\u00f3mez, Jer\u00f3nimo Maciel, Miguel Aguirre y Carlos Palavecino, h\u00e9roes ca\u00eddos en Malvinas. Desde ayer, parte del gabinete provincial, acompa\u00f1\u00f3 la vigilia tradicional en v\u00edsperas a este 2 de abril, en una fecha tan importante para el pueblo argentino. En este sentido, el intendente Bernachea, durante el uso de la palabra, expres\u00f3: \u201cEs un d\u00eda hist\u00f3rico para Presidencia de la Plaza, quiero agradecer al Gobernador, a su gabinete, por el trabajo articulado, para elegir a nuestra ciudad para este acto y a los Veteranos que avalaron esta decisi\u00f3n de poder hacerlo aqu\u00ed.&nbsp; Decirles a los que<\/p>\n\n\n\n<p>siembran no es en vano, esa llama encendida nunca se apagar\u00e1 porque las Malvinas fueron, son y ser\u00e1n argentinas\u201d.<\/p>\n\n\n\n<p>VETERANO OSVALDO SARABIA: \u201cGRACIAS GOBERNADOR, HAC\u00cdA MUCHO TIEMPO NO TEN\u00cdAMOS UN ACTO AS\u00cd DE RECONOCIMIENTO\u201d<\/p>\n\n\n\n<p>Durante el acto central, el Veterano Osvaldo Sarabia, manifest\u00f3: \u201cNunca olvidaremos a los veteranos de guerra, fuimos j\u00f3venes llenos de esperanzas y sue\u00f1os y la Patria nos llam\u00f3 a defenderla. Hoy, Presidencia de la Plaza, est\u00e1 contenta; gracias al Gobernador por darnos esta posibilidad, hac\u00eda mucho tiempo no ten\u00edamos un acto as\u00ed de reconocimiento\u201d.<\/p>\n\n\n\n<p>Acompa\u00f1aron al Gobernador, funcionarios provinciales; el intendente de Presidencia de la Plaza, Diego Bernachea; la presidente de la Legislatura, Carmen Delgado; legisladores provinciales; autoridades del Poder Judicial; el senador V\u00edctor Zimmerman; funcionarios municipales locales; intendentes y concejales de localidades cercanas; instituciones; agrupaciones y vecinos de la localidad.<\/p>\n","protected":false},"excerpt":{"rendered":"<p>El gobernador Leandro Zdero presidi\u00f3 hoy el acto central por el D\u00eda del Veterano y de los Ca\u00eddos en la Guerra de Malvinas, que se realiz\u00f3 en Presidencia de la Plaza. \u201cTenemos la firme decisi\u00f3n de acompa\u00f1arlos y honrarlos. Hemos hecho un compromiso, de trabajar con nuestros Veteranos, con las Asociaciones para llevar ese mensaje, [&hellip;]<\/p>\n","protected":false},"author":2,"featured_media":1151,"comment_status":"open","ping_status":"open","sticky":false,"template":"","format":"standard","meta":{"footnotes":""},"categories":[27],"tags":[],"class_list":{"0":"post-1150","1":"post","2":"type-post","3":"status-publish","4":"format-standard","5":"has-post-thumbnail","7":"category-interior"},"aioseo_notices":[],"_links":{"self":[{"href":"https:\/\/lalupa24.com.ar\/index.php\/wp-json\/wp\/v2\/posts\/1150","targetHints":{"allow":["GET"]}}],"collection":[{"href":"https:\/\/lalupa24.com.ar\/index.php\/wp-json\/wp\/v2\/posts"}],"about":[{"href":"https:\/\/lalupa24.com.ar\/index.php\/wp-json\/wp\/v2\/types\/post"}],"author":[{"embeddable":true,"href":"https:\/\/lalupa24.com.ar\/index.php\/wp-json\/wp\/v2\/users\/2"}],"replies":[{"embeddable":true,"href":"https:\/\/lalupa24.com.ar\/index.php\/wp-json\/wp\/v2\/comments?post=1150"}],"version-history":[{"count":1,"href":"https:\/\/lalupa24.com.ar\/index.php\/wp-json\/wp\/v2\/posts\/1150\/revisions"}],"predecessor-version":[{"id":1152,"href":"https:\/\/lalupa24.com.ar\/index.php\/wp-json\/wp\/v2\/posts\/1150\/revisions\/1152"}],"wp:featuredmedia":[{"embeddable":true,"href":"https:\/\/lalupa24.com.ar\/index.php\/wp-json\/wp\/v2\/media\/1151"}],"wp:attachment":[{"href":"https:\/\/lalupa24.com.ar\/index.php\/wp-json\/wp\/v2\/media?parent=1150"}],"wp:term":[{"taxonomy":"category","embeddable":true,"href":"https:\/\/lalupa24.com.ar\/index.php\/wp-json\/wp\/v2\/categories?post=1150"},{"taxonomy":"post_tag","embeddable":true,"href":"https:\/\/lalupa24.com.ar\/index.php\/wp-json\/wp\/v2\/tags?post=1150"}],"curies":[{"name":"wp","href":"https:\/\/api.w.org\/{rel}","templated":true}]}}