{"id":1153,"date":"2024-04-01T09:23:00","date_gmt":"2024-04-01T12:23:00","guid":{"rendered":"https:\/\/lalupa24.com.ar\/?p=1153"},"modified":"2024-05-06T09:26:35","modified_gmt":"2024-05-06T12:26:35","slug":"el-iccti-a-participar-en-la-primera-cumbre-chaquena-de-ciencia-tecnologia-e-innovacion","status":"publish","type":"post","link":"https:\/\/lalupa24.com.ar\/index.php\/2024\/04\/01\/el-iccti-a-participar-en-la-primera-cumbre-chaquena-de-ciencia-tecnologia-e-innovacion\/","title":{"rendered":"El ICCTI a participar en la primera cumbre chaque\u00f1a de ciencia, tecnolog\u00eda e innovaci\u00f3n"},"content":{"rendered":"\n<p>\u201cLa cumbre es una nueva oportunidad de poner en di\u00e1logo la producci\u00f3n de la actividad cient\u00edfica, el desarrollo tecnol\u00f3gico y la innovaci\u00f3n de la provincia con los sectores productivos, industriales, el emprendedurismo y el Estado&#8221;, destac\u00f3 Delfina Veirav\u00e9, presidenta del Instituto Chaque\u00f1o de Ciencia, Tecnolog\u00eda e Innovaci\u00f3n (ICCTI). Adem\u00e1s, explic\u00f3: &#8220;un evento de estas caracter\u00edsticas es necesario para que el conocimiento pueda tener un mayor impacto en el desarrollo econ\u00f3mico y social del Chaco&#8221;. El evento es con entrada libre y gratuita, pero para participar hay que inscribirse previamente en la p\u00e1gina web iccti.chaco.gob.ar\/cumbre.<br>&#8220;<em>El gobernador, Leandro Zdero, nos convoc\u00f3 para poder potenciar la capacidad emprendedora de la provincia, aport\u00e1ndole conocimiento y valor a las actividades productivas&#8221;,\u00a0 remarc\u00f3 Veirav\u00e9<\/em>. La cumbre contar\u00e1 con la participaci\u00f3n de destacados expositores del sector acad\u00e9mico, empresarial y gubernamental, provenientes tanto del Chaco como de otras provincias como Buenos Aires, Jujuy, Santa Fe y Misiones. Est\u00e1 destinada principalmente a investigadores, cient\u00edficos, tecn\u00f3logos, becarios, estudiantes avanzados, empresarios, emprendedores y personas que trabajan en el sector gubernamental de la provincia.<br>\u201cLa idea de este evento es conmemorar el D\u00eda Mundial de la Ciencia y la Tecnolog\u00eda y mostrar los avances que se dan en nuestra provincia&#8221;, indic\u00f3 Alejandro Gorodner, vicepresidente del ICCTI. &#8220;Queremos fomentar la vinculaci\u00f3n entre el trabajo cient\u00edfico-tecnol\u00f3gico, las empresas y organismos estatales, en pos de incorporar tecnolog\u00eda de punta que permita mejorar la productividad, crear empleo y mejorar las condiciones de vida de los chaque\u00f1os&#8221;, a\u00f1adi\u00f3. Adem\u00e1s, remarc\u00f3 que durante el evento se abordar\u00e1n tem\u00e1ticas vinculadas a los vectores de trabajo del ICCTI que son Agroindustrias, Ambiente y Salud y Econom\u00eda del Conocimiento.<br>\u201cVamos a contar con prestigiosos disertantes y panelistas de diferentes puntos del pa\u00eds y tambi\u00e9n con invitados locales&#8221;, precis\u00f3 Gorodner.\u00a0<em>El evento iniciar\u00e1 a las 8:00 y se extender\u00e1 hasta las 19:00, contando con diferentes modalidades, entre las que se destacan conferencias, charlas, conversatorios y exposiciones.<\/em>\u00a0Tambi\u00e9n participar\u00e1n referentes de UNNE, UTN Resistencia, UNCAUS, CONICET, INTA e INTI. Algunos de los temas que se abordar\u00e1n durante la jornada son: Salud animal, humana y ambiental; Inteligencia Artificial Generativa; Nuevas tecnolog\u00edas para tratamientos m\u00e9dicos; Biotecnolog\u00eda aplicada al cultivo; Resistencia bacteriana; Bitcoin y Tecnolog\u00edas de Blockchain; y, Seguridad Alimentaria, entre otros.\u00a0 \u00a0<br><em>Entre los invitados destacados que participar\u00e1n en la Cumbre Chaque\u00f1a de Ciencia, Tecnolog\u00eda e Innovaci\u00f3n se encuentran: Tom\u00e1s Orduna, Carlos Jos\u00e9 Van Gelderen, Jorge Errecalde, Gabriel Osvaldo Gutkind, Matilde M\u00f3nica Rusticucci, Jorge Alberto Neira, Alejandro Maximiliano Robles, Renata Reinheimert, Francisco Antonio Perez y Pablo Sabatella. Tambi\u00e9n participar\u00e1n investigadores y acad\u00e9micos locales, empresarios, emprendedores y funcionarios del gobierno del Chaco.<\/em><\/p>\n","protected":false},"excerpt":{"rendered":"<p>\u201cLa cumbre es una nueva oportunidad de poner en di\u00e1logo la producci\u00f3n de la actividad cient\u00edfica, el desarrollo tecnol\u00f3gico y la innovaci\u00f3n de la provincia con los sectores productivos, industriales, el emprendedurismo y el Estado&#8221;, destac\u00f3 Delfina Veirav\u00e9, presidenta del Instituto Chaque\u00f1o de Ciencia, Tecnolog\u00eda e Innovaci\u00f3n (ICCTI). Adem\u00e1s, explic\u00f3: &#8220;un evento de estas caracter\u00edsticas [&hellip;]<\/p>\n","protected":false},"author":2,"featured_media":1154,"comment_status":"open","ping_status":"open","sticky":false,"template":"","format":"standard","meta":{"footnotes":""},"categories":[28],"tags":[],"class_list":{"0":"post-1153","1":"post","2":"type-post","3":"status-publish","4":"format-standard","5":"has-post-thumbnail","7":"category-locales"},"aioseo_notices":[],"_links":{"self":[{"href":"https:\/\/lalupa24.com.ar\/index.php\/wp-json\/wp\/v2\/posts\/1153","targetHints":{"allow":["GET"]}}],"collection":[{"href":"https:\/\/lalupa24.com.ar\/index.php\/wp-json\/wp\/v2\/posts"}],"about":[{"href":"https:\/\/lalupa24.com.ar\/index.php\/wp-json\/wp\/v2\/types\/post"}],"author":[{"embeddable":true,"href":"https:\/\/lalupa24.com.ar\/index.php\/wp-json\/wp\/v2\/users\/2"}],"replies":[{"embeddable":true,"href":"https:\/\/lalupa24.com.ar\/index.php\/wp-json\/wp\/v2\/comments?post=1153"}],"version-history":[{"count":1,"href":"https:\/\/lalupa24.com.ar\/index.php\/wp-json\/wp\/v2\/posts\/1153\/revisions"}],"predecessor-version":[{"id":1155,"href":"https:\/\/lalupa24.com.ar\/index.php\/wp-json\/wp\/v2\/posts\/1153\/revisions\/1155"}],"wp:featuredmedia":[{"embeddable":true,"href":"https:\/\/lalupa24.com.ar\/index.php\/wp-json\/wp\/v2\/media\/1154"}],"wp:attachment":[{"href":"https:\/\/lalupa24.com.ar\/index.php\/wp-json\/wp\/v2\/media?parent=1153"}],"wp:term":[{"taxonomy":"category","embeddable":true,"href":"https:\/\/lalupa24.com.ar\/index.php\/wp-json\/wp\/v2\/categories?post=1153"},{"taxonomy":"post_tag","embeddable":true,"href":"https:\/\/lalupa24.com.ar\/index.php\/wp-json\/wp\/v2\/tags?post=1153"}],"curies":[{"name":"wp","href":"https:\/\/api.w.org\/{rel}","templated":true}]}}