{"id":11534,"date":"2025-08-30T21:17:33","date_gmt":"2025-08-31T00:17:33","guid":{"rendered":"https:\/\/lalupa24.com.ar\/?p=11534"},"modified":"2025-08-30T21:17:34","modified_gmt":"2025-08-31T00:17:34","slug":"mauricio-macri-echo-a-damian-arabia-de-la-vicepresidencia-del-pro-por-inasistencia-a-reuniones-del-consejo","status":"publish","type":"post","link":"https:\/\/lalupa24.com.ar\/index.php\/2025\/08\/30\/mauricio-macri-echo-a-damian-arabia-de-la-vicepresidencia-del-pro-por-inasistencia-a-reuniones-del-consejo\/","title":{"rendered":"Mauricio Macri ech\u00f3 a Dami\u00e1n Arabia de la vicepresidencia del PRO por inasistencia a reuniones del Consejo"},"content":{"rendered":"\n<p>Seg\u00fan la resoluci\u00f3n que firm\u00f3 el titular del partido amarillo, el Secretario General deber\u00e1 notificar a Arabia y el dirigente Pablo Walter sobre su remoci\u00f3n.<\/p>\n\n\n\n<p>El expresidente y titular del PRO, Mauricio Macri, resolvi\u00f3 hoy s\u00e1bado separar del cargo al actual vicepresidente partidario Dami\u00e1n Arabia y al dirigente Pablo Walter por \u201cinasistencia a las reuniones del Consejo\u201d, en contravenci\u00f3n de la Carta Org\u00e1nica Nacional del partido.<\/p>\n\n\n\n<p>Seg\u00fan la resoluci\u00f3n que firm\u00f3 el propio Macri, el Secretario General del partido, Facundo P\u00e9rez Carletti, deber\u00e1 notificar a Arabia y Walter sobre su remoci\u00f3n y disponer su reemplazo.<\/p>\n\n\n\n<p>Adem\u00e1s, se instruye girar los antecedentes al Tribunal de Disciplina y comunicar la decisi\u00f3n al Consejo Directivo en su pr\u00f3xima reuni\u00f3n.<\/p>\n\n\n\n<p>El documento establece que el Apoderado Partidario deber\u00e1 informar al Juzgado Federal con Competencia Electoral sobre la remoci\u00f3n de los funcionarios, como parte de los procedimientos legales y administrativos previstos en la Carta<\/p>\n","protected":false},"excerpt":{"rendered":"<p>Seg\u00fan la resoluci\u00f3n que firm\u00f3 el titular del partido amarillo, el Secretario General deber\u00e1 notificar a Arabia y el dirigente Pablo Walter sobre su remoci\u00f3n. El expresidente y titular del PRO, Mauricio Macri, resolvi\u00f3 hoy s\u00e1bado separar del cargo al actual vicepresidente partidario Dami\u00e1n Arabia y al dirigente Pablo Walter por \u201cinasistencia a las reuniones [&hellip;]<\/p>\n","protected":false},"author":11,"featured_media":11535,"comment_status":"open","ping_status":"open","sticky":false,"template":"","format":"standard","meta":{"footnotes":""},"categories":[26],"tags":[],"class_list":{"0":"post-11534","1":"post","2":"type-post","3":"status-publish","4":"format-standard","5":"has-post-thumbnail","7":"category-nacionales"},"aioseo_notices":[],"_links":{"self":[{"href":"https:\/\/lalupa24.com.ar\/index.php\/wp-json\/wp\/v2\/posts\/11534","targetHints":{"allow":["GET"]}}],"collection":[{"href":"https:\/\/lalupa24.com.ar\/index.php\/wp-json\/wp\/v2\/posts"}],"about":[{"href":"https:\/\/lalupa24.com.ar\/index.php\/wp-json\/wp\/v2\/types\/post"}],"author":[{"embeddable":true,"href":"https:\/\/lalupa24.com.ar\/index.php\/wp-json\/wp\/v2\/users\/11"}],"replies":[{"embeddable":true,"href":"https:\/\/lalupa24.com.ar\/index.php\/wp-json\/wp\/v2\/comments?post=11534"}],"version-history":[{"count":1,"href":"https:\/\/lalupa24.com.ar\/index.php\/wp-json\/wp\/v2\/posts\/11534\/revisions"}],"predecessor-version":[{"id":11536,"href":"https:\/\/lalupa24.com.ar\/index.php\/wp-json\/wp\/v2\/posts\/11534\/revisions\/11536"}],"wp:featuredmedia":[{"embeddable":true,"href":"https:\/\/lalupa24.com.ar\/index.php\/wp-json\/wp\/v2\/media\/11535"}],"wp:attachment":[{"href":"https:\/\/lalupa24.com.ar\/index.php\/wp-json\/wp\/v2\/media?parent=11534"}],"wp:term":[{"taxonomy":"category","embeddable":true,"href":"https:\/\/lalupa24.com.ar\/index.php\/wp-json\/wp\/v2\/categories?post=11534"},{"taxonomy":"post_tag","embeddable":true,"href":"https:\/\/lalupa24.com.ar\/index.php\/wp-json\/wp\/v2\/tags?post=11534"}],"curies":[{"name":"wp","href":"https:\/\/api.w.org\/{rel}","templated":true}]}}