{"id":11537,"date":"2025-08-31T18:23:41","date_gmt":"2025-08-31T21:23:41","guid":{"rendered":"https:\/\/lalupa24.com.ar\/?p=11537"},"modified":"2025-08-31T18:23:41","modified_gmt":"2025-08-31T21:23:41","slug":"elecciones-en-corrientes-cerraron-los-comicios-y-se-esperan-los-resultados","status":"publish","type":"post","link":"https:\/\/lalupa24.com.ar\/index.php\/2025\/08\/31\/elecciones-en-corrientes-cerraron-los-comicios-y-se-esperan-los-resultados\/","title":{"rendered":"Elecciones en Corrientes: cerraron los comicios y se esperan los resultados"},"content":{"rendered":"\n<p>Seg\u00fan el presidente de la Junta Electoral de la provincia, Gustavo S\u00e1nchez Mari\u00f1o, a las 17.30 ya hab\u00eda votado el 60% del padr\u00f3n en la capital correntina.<\/p>\n\n\n\n<p>Las elecciones en Corrientes llegaron a su fin y a las 18.00hs cerraron los comicios. Seg\u00fan el presidente de la Junta Electoral de la provincia, Gustavo S\u00e1nchez Mari\u00f1o, a las 17.30 ya hab\u00eda votado el 60% del padr\u00f3n en la capital correntina.<\/p>\n\n\n\n<p>Asimismo, el titular del organismo afirm\u00f3 que la jornada se desarroll\u00f3 de forma \u201ctranquila\u201d y con una muy buena concurrencia de votantes. Adem\u00e1s, comunic\u00f3 que los primeros resultados del escrutinio provisorio se dar\u00e1n a conocer alrededor de las 20.30hs.<\/p>\n\n\n\n<p>Uno de los candidatos a gobernador y hermano de Gustavo Vald\u00e9s, actual mandatario provincial, Juan Pablo Vald\u00e9s (Vamos Corrientes), asegur\u00f3 que \u201cse siente el compromiso de los correntinos\u201d a pesar de haber sido una campa\u00f1a \u201cmuy sucia\u201d.<\/p>\n\n\n\n<p>\u201cEsta ha sido una campa\u00f1a dura, con agravios y mentiras. Pero estoy convencido de que los correntinos elegir\u00e1n el camino del futuro porque hemos trabajado mucho junto a intendentes, dirigentes y vecinos\u201d, manifest\u00f3.<\/p>\n\n\n\n<p>Por su parte, su compa\u00f1ero de f\u00f3rmula, Pedro Braillard Poccard indic\u00f3 que hoy es un d\u00eda \u201cespecial\u201d para Corrientes \u201cy para compartir con las familias\u201d: \u201cHonramos la democracia con el sagrado derecho a votar y somos conscientes de que la emisi\u00f3n del sufragio es la herramienta clave para el futuro de la provincia\u201d, agreg\u00f3.<\/p>\n\n\n\n<p>Mart\u00edn Asc\u00faa, uno de los candidatos por el peronismo, prometi\u00f3 durante su campa\u00f1a \u201climpiar Corrientes\u201d y que su espacio quiere construir una provincia \u201cdonde nadie se quede atr\u00e1s\u201d y donde los ciudadanos \u201cpuedan crecer y trabajar en su tierra, donde la salud y la dignidad no dependan de un apellido ni de un partido\u201d.<\/p>\n\n\n\n<p>Por \u00faltimo, el candidato del oficialismo nacional, Lisandro Almir\u00f3n (La Libertad Avanza) declar\u00f3 que, \u201cadem\u00e1s de cumplir con su obligaci\u00f3n y deber como ciudadano\u201d, su voto pondr\u00e1 \u201ca los hombres y mujeres correctos en lugares donde podr\u00e1n ayudar a hacer una diferencia en la provincia\u201d.<\/p>\n\n\n\n<p>En esta jornada de elecciones los correntinos definir\u00e1n a los nuevos gobernador y vicegobernador y tambi\u00e1n a los senadores y diputados provinciales e intendentes y concejales en 74 municipios, entre los que se encuentran Goya, Paso de los Libres y Mercedes.<\/p>\n\n\n\n<p>Los electores habilitados en la provincia de Corrientes son un total de 950.320 que votar\u00e1n, a lo largo de la jornada, en 373 centros.<\/p>\n","protected":false},"excerpt":{"rendered":"<p>Seg\u00fan el presidente de la Junta Electoral de la provincia, Gustavo S\u00e1nchez Mari\u00f1o, a las 17.30 ya hab\u00eda votado el 60% del padr\u00f3n en la capital correntina. Las elecciones en Corrientes llegaron a su fin y a las 18.00hs cerraron los comicios. Seg\u00fan el presidente de la Junta Electoral de la provincia, Gustavo S\u00e1nchez Mari\u00f1o, [&hellip;]<\/p>\n","protected":false},"author":11,"featured_media":11538,"comment_status":"open","ping_status":"open","sticky":false,"template":"","format":"standard","meta":{"footnotes":""},"categories":[26],"tags":[],"class_list":{"0":"post-11537","1":"post","2":"type-post","3":"status-publish","4":"format-standard","5":"has-post-thumbnail","7":"category-nacionales"},"aioseo_notices":[],"_links":{"self":[{"href":"https:\/\/lalupa24.com.ar\/index.php\/wp-json\/wp\/v2\/posts\/11537","targetHints":{"allow":["GET"]}}],"collection":[{"href":"https:\/\/lalupa24.com.ar\/index.php\/wp-json\/wp\/v2\/posts"}],"about":[{"href":"https:\/\/lalupa24.com.ar\/index.php\/wp-json\/wp\/v2\/types\/post"}],"author":[{"embeddable":true,"href":"https:\/\/lalupa24.com.ar\/index.php\/wp-json\/wp\/v2\/users\/11"}],"replies":[{"embeddable":true,"href":"https:\/\/lalupa24.com.ar\/index.php\/wp-json\/wp\/v2\/comments?post=11537"}],"version-history":[{"count":1,"href":"https:\/\/lalupa24.com.ar\/index.php\/wp-json\/wp\/v2\/posts\/11537\/revisions"}],"predecessor-version":[{"id":11539,"href":"https:\/\/lalupa24.com.ar\/index.php\/wp-json\/wp\/v2\/posts\/11537\/revisions\/11539"}],"wp:featuredmedia":[{"embeddable":true,"href":"https:\/\/lalupa24.com.ar\/index.php\/wp-json\/wp\/v2\/media\/11538"}],"wp:attachment":[{"href":"https:\/\/lalupa24.com.ar\/index.php\/wp-json\/wp\/v2\/media?parent=11537"}],"wp:term":[{"taxonomy":"category","embeddable":true,"href":"https:\/\/lalupa24.com.ar\/index.php\/wp-json\/wp\/v2\/categories?post=11537"},{"taxonomy":"post_tag","embeddable":true,"href":"https:\/\/lalupa24.com.ar\/index.php\/wp-json\/wp\/v2\/tags?post=11537"}],"curies":[{"name":"wp","href":"https:\/\/api.w.org\/{rel}","templated":true}]}}