{"id":11540,"date":"2025-08-31T18:35:00","date_gmt":"2025-08-31T21:35:00","guid":{"rendered":"https:\/\/lalupa24.com.ar\/?p=11540"},"modified":"2025-08-31T18:35:02","modified_gmt":"2025-08-31T21:35:02","slug":"dos-cordobeses-lideran-el-ranking-de-mejores-y-peores-senadores","status":"publish","type":"post","link":"https:\/\/lalupa24.com.ar\/index.php\/2025\/08\/31\/dos-cordobeses-lideran-el-ranking-de-mejores-y-peores-senadores\/","title":{"rendered":"Dos cordobeses lideran el ranking de mejores y peores senadores"},"content":{"rendered":"\n<p>Luis Juez encabeza el listado de imagen positiva elaborado por CB Consultora, aunque su diferencial sigue siendo negativo. En el otro extremo, su coterr\u00e1nea Carmen \u00c1lvarez Rivero aparece como la peor valorada.<\/p>\n\n\n\n<p>El senador con mejor imagen positiva es el cordob\u00e9s Luis Juez, mientras que quien aparece en el \u00faltimo lugar en la materia es otra cordobesa y del mismo bloque Pro: Carmen \u00c1lvarez Rivero.<\/p>\n\n\n\n<p>El dato surge de CB Consultora, que todos los meses realiza un an\u00e1lisis que en el mes de agosto, muy activo en la C\u00e1mara alta, arroj\u00f3 estos resultados.<\/p>\n\n\n\n<p>En rigor, el trabajo hace hincapi\u00e9 en los diferenciales entre imagen positiva y negativa, aunque esto puede resultar injusto, dado que la mayor\u00eda de los senadores no resultan tan conocidos para el com\u00fan de la gente, raz\u00f3n por la cual ese nivel de desconocimiento puede resultarles favorable y ponerlo al resguardo de las cr\u00edticas.<\/p>\n\n\n\n<p>De todas maneras, este mes result\u00f3 coincidente esta consideraci\u00f3n, pues Juez result\u00f3 el de mejor diferencial, aunque sea negativo, con un -5,9%, y \u00c1lvarez Rivero fue la peor ubicada, con -35,7%.<\/p>\n\n\n\n<p>Sin embargo, en otros puestos se da lo que dec\u00edamos: el nivel de desconocimiento contribuye a resguardar a los senadores, al punto tal que un desconocido senador como el santiague\u00f1o Gerardo Montenegro figura segundo, con un diferencial negativo de 6 puntos. Tercero est\u00e1 con este conteo el fueguino Pablo Daniel Blanco, con -6,2%.<\/p>\n\n\n\n<p>En el otro extremo, detr\u00e1s de Carmen \u00c1lvarez Rivero de C\u00f3rdoba aparecen Oscar Parrilli con -35,2%; y Mart\u00edn Lousteau, con -34,6%.<\/p>\n\n\n\n<p>Lo dicho, el presidente del radicalismo tiene una imagen positiva de 21,5%, que lo ubicar\u00eda en el cuarto lugar en la materia; pasa que su negativa es del 56,1%.<\/p>\n\n\n\n<p>El senador con mayor crecimiento en su imagen respecto al mes pasado fue Carlos \u201cCamau\u201d Esp\u00ednola de Corrientes con una suba de +4,6puntos porcentuales. En contraste, Carmen \u00c1lvarez Rivero de C\u00f3rdoba fue la que m\u00e1s cay\u00f3, con una p\u00e9rdida de -13,1 puntos en su diferencial.<\/p>\n\n\n\n<p>El senador con mayor nivel de desconocimiento a nivel nacional \u2014independientemente de su diferencial\u2014 es Carolina Mois\u00e9s de Jujuy, con 86,7% de Ns\/Nc.<\/p>\n\n\n\n<p>Este es el ranking de imagen positiva:<\/p>\n\n\n\n<p>1\u00b0) Luis Juez&nbsp;&nbsp;&nbsp;&nbsp;&nbsp;&nbsp;&nbsp;&nbsp;&nbsp;&nbsp;&nbsp; 33,4%<\/p>\n\n\n\n<p>2\u00b0) Eduardo Wado De Pedro&nbsp;&nbsp;&nbsp;&nbsp;&nbsp;&nbsp;&nbsp; 30,4%<\/p>\n\n\n\n<p>3\u00b0) Mart\u00edn Lousteau&nbsp;&nbsp;&nbsp;&nbsp;&nbsp;&nbsp;&nbsp;&nbsp;&nbsp;&nbsp;&nbsp; 21,5%<\/p>\n\n\n\n<p>4\u00b0) Francisco Paoltroni&nbsp;&nbsp;&nbsp;&nbsp;&nbsp; 18,4%<\/p>\n\n\n\n<p>5\u00b0) Alicia Kirchner&nbsp;&nbsp; 16,7%<\/p>\n\n\n\n<p>6\u00b0) Alfredo De Angeli&nbsp;&nbsp;&nbsp;&nbsp;&nbsp;&nbsp;&nbsp;&nbsp; 15,5%<\/p>\n\n\n\n<p>8\u00b0) Juliana di Tullio 14,6%<\/p>\n\n\n\n<p>9\u00b0) Bartolom\u00e9 Abdala&nbsp;&nbsp;&nbsp;&nbsp;&nbsp;&nbsp;&nbsp;&nbsp; 13,9%<\/p>\n\n\n\n<p>10\u00b0) Mariano Recalde&nbsp;&nbsp;&nbsp;&nbsp;&nbsp;&nbsp;&nbsp; 11,3%<\/p>\n\n\n\n<p>11\u00b0) Jos\u00e9 Mayans&nbsp;&nbsp; 11,1%<\/p>\n\n\n\n<p>12\u00b0) Anabel Fern\u00e1ndez Sagasti&nbsp; 10,6%<\/p>\n\n\n\n<p>Los de m\u00e1s imagen negativa<\/p>\n\n\n\n<p>1\u00b0) Mart\u00edn Lousteau&nbsp;&nbsp;&nbsp;&nbsp;&nbsp;&nbsp;&nbsp;&nbsp;&nbsp;&nbsp;&nbsp; 56,1%<\/p>\n\n\n\n<p>2\u00b0) Alicia Kirchner&nbsp;&nbsp; 51,1%<\/p>\n\n\n\n<p>3\u00b0) Juan Manzur&nbsp;&nbsp;&nbsp;&nbsp; 46,3%<\/p>\n\n\n\n<p>4\u00b0) Eduardo Wado de Pedro&nbsp;&nbsp;&nbsp;&nbsp;&nbsp;&nbsp;&nbsp;&nbsp; 41,5%<\/p>\n\n\n\n<p>5\u00b0) Juliana di Tullio 40,6%<\/p>\n\n\n\n<p>6\u00b0) Luis Juez&nbsp;&nbsp;&nbsp;&nbsp;&nbsp;&nbsp;&nbsp;&nbsp;&nbsp;&nbsp;&nbsp; 39,3%<\/p>\n\n\n\n<p>7\u00b0) Carolina Losada&nbsp;&nbsp;&nbsp;&nbsp;&nbsp;&nbsp;&nbsp;&nbsp;&nbsp;&nbsp; 38,1%<\/p>\n\n\n\n<p>8\u00b0) Carmen \u00c1lvarez Rivero&nbsp;&nbsp;&nbsp;&nbsp;&nbsp;&nbsp;&nbsp;&nbsp;&nbsp;&nbsp; 35,9%<\/p>\n\n\n\n<p>9\u00b0) Juan Carlos Romero&nbsp;&nbsp;&nbsp; 35,0%<\/p>\n\n\n\n<p>10\u00b0) Alfredo De Angeli&nbsp;&nbsp;&nbsp;&nbsp;&nbsp;&nbsp; 34,8%<\/p>\n\n\n\n<p>11\u00b0) Mariano Recalde&nbsp;&nbsp;&nbsp;&nbsp;&nbsp;&nbsp;&nbsp; 32,3% 12\u00b0) Claudia Ledesma Abdala&nbsp;&nbsp;&nbsp;&nbsp; 30,8%<\/p>\n","protected":false},"excerpt":{"rendered":"<p>Luis Juez encabeza el listado de imagen positiva elaborado por CB Consultora, aunque su diferencial sigue siendo negativo. En el otro extremo, su coterr\u00e1nea Carmen \u00c1lvarez Rivero aparece como la peor valorada. El senador con mejor imagen positiva es el cordob\u00e9s Luis Juez, mientras que quien aparece en el \u00faltimo lugar en la materia es [&hellip;]<\/p>\n","protected":false},"author":11,"featured_media":11541,"comment_status":"open","ping_status":"open","sticky":false,"template":"","format":"standard","meta":{"footnotes":""},"categories":[26],"tags":[],"class_list":{"0":"post-11540","1":"post","2":"type-post","3":"status-publish","4":"format-standard","5":"has-post-thumbnail","7":"category-nacionales"},"aioseo_notices":[],"_links":{"self":[{"href":"https:\/\/lalupa24.com.ar\/index.php\/wp-json\/wp\/v2\/posts\/11540","targetHints":{"allow":["GET"]}}],"collection":[{"href":"https:\/\/lalupa24.com.ar\/index.php\/wp-json\/wp\/v2\/posts"}],"about":[{"href":"https:\/\/lalupa24.com.ar\/index.php\/wp-json\/wp\/v2\/types\/post"}],"author":[{"embeddable":true,"href":"https:\/\/lalupa24.com.ar\/index.php\/wp-json\/wp\/v2\/users\/11"}],"replies":[{"embeddable":true,"href":"https:\/\/lalupa24.com.ar\/index.php\/wp-json\/wp\/v2\/comments?post=11540"}],"version-history":[{"count":1,"href":"https:\/\/lalupa24.com.ar\/index.php\/wp-json\/wp\/v2\/posts\/11540\/revisions"}],"predecessor-version":[{"id":11542,"href":"https:\/\/lalupa24.com.ar\/index.php\/wp-json\/wp\/v2\/posts\/11540\/revisions\/11542"}],"wp:featuredmedia":[{"embeddable":true,"href":"https:\/\/lalupa24.com.ar\/index.php\/wp-json\/wp\/v2\/media\/11541"}],"wp:attachment":[{"href":"https:\/\/lalupa24.com.ar\/index.php\/wp-json\/wp\/v2\/media?parent=11540"}],"wp:term":[{"taxonomy":"category","embeddable":true,"href":"https:\/\/lalupa24.com.ar\/index.php\/wp-json\/wp\/v2\/categories?post=11540"},{"taxonomy":"post_tag","embeddable":true,"href":"https:\/\/lalupa24.com.ar\/index.php\/wp-json\/wp\/v2\/tags?post=11540"}],"curies":[{"name":"wp","href":"https:\/\/api.w.org\/{rel}","templated":true}]}}