{"id":11564,"date":"2025-09-04T20:05:11","date_gmt":"2025-09-04T23:05:11","guid":{"rendered":"https:\/\/lalupa24.com.ar\/?p=11564"},"modified":"2025-09-04T20:05:13","modified_gmt":"2025-09-04T23:05:13","slug":"senado-la-oposicion-dejo-sin-efecto-el-veto-de-milei-y-reactivo-la-ley-de-emergencia-en-discapacidad","status":"publish","type":"post","link":"https:\/\/lalupa24.com.ar\/index.php\/2025\/09\/04\/senado-la-oposicion-dejo-sin-efecto-el-veto-de-milei-y-reactivo-la-ley-de-emergencia-en-discapacidad\/","title":{"rendered":"Senado: la oposici\u00f3n dej\u00f3 sin efecto el veto de Milei y reactiv\u00f3 la ley de emergencia en discapacidad"},"content":{"rendered":"\n<p>En una nueva sesi\u00f3n adversa para la Casa Rosada, un conglomerado de kirchneristas, radicales, macristas y silvestres provinciales le aplicaron esta tarde otro\u00a0<strong>duro golpe al Gobierno libertario: la oposici\u00f3n desactiv\u00f3 un reciente veto del Ejecutivo<\/strong>\u00a0-primera vez en m\u00e1s de 20 a\u00f1os-\u00a0<strong>y reanud\u00f3 la ley que declara la emergencia en discapacidad<\/strong>. La decisi\u00f3n, que obtuvo con holgura los dos tercios, recibi\u00f3 63 votos a favor y siete en contra.<\/p>\n\n\n\n<p>La norma que vuelve a tener luz verde declara la emergencia en discapacidad<strong>\u00a0hasta el 31 de diciembre de 2026, prorrogable por un a\u00f1o m\u00e1s<\/strong>.\u00a0<strong>Adem\u00e1s, reformula las pensiones no contributivas y actualiza aranceles, as\u00ed como compensaciones econ\u00f3micas<\/strong>, entre otras cuestiones.<\/p>\n","protected":false},"excerpt":{"rendered":"<p>En una nueva sesi\u00f3n adversa para la Casa Rosada, un conglomerado de kirchneristas, radicales, macristas y silvestres provinciales le aplicaron esta tarde otro\u00a0duro golpe al Gobierno libertario: la oposici\u00f3n desactiv\u00f3 un reciente veto del Ejecutivo\u00a0-primera vez en m\u00e1s de 20 a\u00f1os-\u00a0y reanud\u00f3 la ley que declara la emergencia en discapacidad. La decisi\u00f3n, que obtuvo con [&hellip;]<\/p>\n","protected":false},"author":2,"featured_media":11565,"comment_status":"open","ping_status":"open","sticky":false,"template":"","format":"standard","meta":{"footnotes":""},"categories":[26],"tags":[],"class_list":{"0":"post-11564","1":"post","2":"type-post","3":"status-publish","4":"format-standard","5":"has-post-thumbnail","7":"category-nacionales"},"aioseo_notices":[],"_links":{"self":[{"href":"https:\/\/lalupa24.com.ar\/index.php\/wp-json\/wp\/v2\/posts\/11564","targetHints":{"allow":["GET"]}}],"collection":[{"href":"https:\/\/lalupa24.com.ar\/index.php\/wp-json\/wp\/v2\/posts"}],"about":[{"href":"https:\/\/lalupa24.com.ar\/index.php\/wp-json\/wp\/v2\/types\/post"}],"author":[{"embeddable":true,"href":"https:\/\/lalupa24.com.ar\/index.php\/wp-json\/wp\/v2\/users\/2"}],"replies":[{"embeddable":true,"href":"https:\/\/lalupa24.com.ar\/index.php\/wp-json\/wp\/v2\/comments?post=11564"}],"version-history":[{"count":1,"href":"https:\/\/lalupa24.com.ar\/index.php\/wp-json\/wp\/v2\/posts\/11564\/revisions"}],"predecessor-version":[{"id":11566,"href":"https:\/\/lalupa24.com.ar\/index.php\/wp-json\/wp\/v2\/posts\/11564\/revisions\/11566"}],"wp:featuredmedia":[{"embeddable":true,"href":"https:\/\/lalupa24.com.ar\/index.php\/wp-json\/wp\/v2\/media\/11565"}],"wp:attachment":[{"href":"https:\/\/lalupa24.com.ar\/index.php\/wp-json\/wp\/v2\/media?parent=11564"}],"wp:term":[{"taxonomy":"category","embeddable":true,"href":"https:\/\/lalupa24.com.ar\/index.php\/wp-json\/wp\/v2\/categories?post=11564"},{"taxonomy":"post_tag","embeddable":true,"href":"https:\/\/lalupa24.com.ar\/index.php\/wp-json\/wp\/v2\/tags?post=11564"}],"curies":[{"name":"wp","href":"https:\/\/api.w.org\/{rel}","templated":true}]}}