{"id":11582,"date":"2025-09-04T20:08:42","date_gmt":"2025-09-04T23:08:42","guid":{"rendered":"https:\/\/lalupa24.com.ar\/?p=11582"},"modified":"2025-09-04T20:08:43","modified_gmt":"2025-09-04T23:08:43","slug":"pierre-gasly-hablo-sobre-la-falla-de-alpine-que-perjudico-a-colapinto-en-el-gp-de-paises-bajos-y-revelo-la-charla-que-tuvo-con-el-argentino","status":"publish","type":"post","link":"https:\/\/lalupa24.com.ar\/index.php\/2025\/09\/04\/pierre-gasly-hablo-sobre-la-falla-de-alpine-que-perjudico-a-colapinto-en-el-gp-de-paises-bajos-y-revelo-la-charla-que-tuvo-con-el-argentino\/","title":{"rendered":"Pierre Gasly habl\u00f3 sobre la falla de Alpine que perjudic\u00f3 a Colapinto en el GP de Pa\u00edses Bajos y revel\u00f3 la charla que tuvo con el argentino"},"content":{"rendered":"\n<p>Fue uno de los grandes temas despu\u00e9s del Gran Premio de Pa\u00edses Bajos. El rendimiento dispar de\u00a0<strong>Pierre Gasly<\/strong>\u00a0y\u00a0<strong>Franco Colapinto<\/strong>\u00a0en las \u00faltimas vueltas de la \u00faltima fecha de la cita de F\u00f3rmula 1 dej\u00f3 una pregunta en el aire: \u00bfel argentino se perdi\u00f3 de sumar sus primeros puntos en Alpine por la mala comunicaci\u00f3n del equipo?<\/p>\n\n\n\n<p>Tras los\u00a0reclamos del corredor\u00a0de 22 a\u00f1os minutos\u00a0despu\u00e9s de la carrera\u00a0que lo vio cruzar la meta en el 11\u00b0 lugar y a horas de comenzar el Gran Premio de Italia, Gasly se refiri\u00f3 a lo sucedido en el final de Zandvoort.<strong>\u00a0\u201cS\u00ed, lo hablamos personalmente. Y s\u00ed, creo que todo est\u00e1 claro. Lo que pas\u00f3 fue lo que se hab\u00eda indicado antes de la carrera (en cuanto al lugar del circuito establecido para intercambiar posiciones). Y creo que, de cara al futuro, tuvimos la conversaci\u00f3n que necesit\u00e1bamos. As\u00ed que s\u00ed, creo que todo est\u00e1 bien\u201d<\/strong>,reconoci\u00f3 el franc\u00e9s ante el medio especializado\u00a0<em>Motorsport<\/em>\u00a0cuando le plantearon el tema.<\/p>\n","protected":false},"excerpt":{"rendered":"<p>Fue uno de los grandes temas despu\u00e9s del Gran Premio de Pa\u00edses Bajos. El rendimiento dispar de\u00a0Pierre Gasly\u00a0y\u00a0Franco Colapinto\u00a0en las \u00faltimas vueltas de la \u00faltima fecha de la cita de F\u00f3rmula 1 dej\u00f3 una pregunta en el aire: \u00bfel argentino se perdi\u00f3 de sumar sus primeros puntos en Alpine por la mala comunicaci\u00f3n del equipo? [&hellip;]<\/p>\n","protected":false},"author":2,"featured_media":11583,"comment_status":"open","ping_status":"open","sticky":false,"template":"","format":"standard","meta":{"footnotes":""},"categories":[100],"tags":[],"class_list":{"0":"post-11582","1":"post","2":"type-post","3":"status-publish","4":"format-standard","5":"has-post-thumbnail","7":"category-deportes"},"aioseo_notices":[],"_links":{"self":[{"href":"https:\/\/lalupa24.com.ar\/index.php\/wp-json\/wp\/v2\/posts\/11582","targetHints":{"allow":["GET"]}}],"collection":[{"href":"https:\/\/lalupa24.com.ar\/index.php\/wp-json\/wp\/v2\/posts"}],"about":[{"href":"https:\/\/lalupa24.com.ar\/index.php\/wp-json\/wp\/v2\/types\/post"}],"author":[{"embeddable":true,"href":"https:\/\/lalupa24.com.ar\/index.php\/wp-json\/wp\/v2\/users\/2"}],"replies":[{"embeddable":true,"href":"https:\/\/lalupa24.com.ar\/index.php\/wp-json\/wp\/v2\/comments?post=11582"}],"version-history":[{"count":1,"href":"https:\/\/lalupa24.com.ar\/index.php\/wp-json\/wp\/v2\/posts\/11582\/revisions"}],"predecessor-version":[{"id":11584,"href":"https:\/\/lalupa24.com.ar\/index.php\/wp-json\/wp\/v2\/posts\/11582\/revisions\/11584"}],"wp:featuredmedia":[{"embeddable":true,"href":"https:\/\/lalupa24.com.ar\/index.php\/wp-json\/wp\/v2\/media\/11583"}],"wp:attachment":[{"href":"https:\/\/lalupa24.com.ar\/index.php\/wp-json\/wp\/v2\/media?parent=11582"}],"wp:term":[{"taxonomy":"category","embeddable":true,"href":"https:\/\/lalupa24.com.ar\/index.php\/wp-json\/wp\/v2\/categories?post=11582"},{"taxonomy":"post_tag","embeddable":true,"href":"https:\/\/lalupa24.com.ar\/index.php\/wp-json\/wp\/v2\/tags?post=11582"}],"curies":[{"name":"wp","href":"https:\/\/api.w.org\/{rel}","templated":true}]}}