{"id":11593,"date":"2025-09-05T14:09:25","date_gmt":"2025-09-05T17:09:25","guid":{"rendered":"https:\/\/lalupa24.com.ar\/?p=11593"},"modified":"2025-09-05T14:09:25","modified_gmt":"2025-09-05T17:09:25","slug":"violento-ataque-en-redes-contra-luis-juez-tras-rechazar-el-veto-presidencial","status":"publish","type":"post","link":"https:\/\/lalupa24.com.ar\/index.php\/2025\/09\/05\/violento-ataque-en-redes-contra-luis-juez-tras-rechazar-el-veto-presidencial\/","title":{"rendered":"Violento ataque en redes contra Luis Juez tras rechazar el veto presidencial"},"content":{"rendered":"\n<p>El influencer oficialista \u201cGordoDan\u201d lanz\u00f3 una agresi\u00f3n personal contra el senador cordob\u00e9s por su voto a favor de la Ley de Emergencia en Discapacidad. El posteo gener\u00f3 un repudio que se le reclam\u00f3 al propio presidente Milei.<\/p>\n\n\n\n<p>Daniel Parisini, m\u00e1s conocido como \u201cGordoDan\u201d en las redes sociales, suele all\u00ed desconocer cualquier l\u00edmite a la hora de expresarse. Este jueves volvi\u00f3 a dar muestra de ello al cargar brutalmente contra el senador Luis Juez luego del rechazo al veto presidencial a la Ley de Emergencia en Discapacidad.<\/p>\n\n\n\n<p>El violent\u00edsimo posteo de la principal espada en las redes sociales contra el senador cordob\u00e9s por su voto contra el Gobierno fue el siguiente: \u201cLuis Juez le acab\u00f3 adentro a una mujer que no era su esposa y tuvo una hija. No se hizo cargo de la nena hasta que la justicia lo oblig\u00f3. Y ahora la usa para hacer pol\u00edtica poni\u00e9ndole palos en la rueda al plan para sacar de la miseria a los argentinos del presidente Milei\u201d.<\/p>\n\n\n\n<p>Ex jefe del bloque libertario, de donde fue eyectado luego por el internismo dentro de La Libertad Avanza, el diputado Oscar Zago no dud\u00f3 en repudiar tales expresiones: \u201cRepudio total. Es vergonzoso que en las c\u00faspides del gobierno haya gente capaz de estas cosas. Dan asco. Lo repito una y mil veces: cuiden al Presidente, porque est\u00e1 en juego el futuro del pa\u00eds. Le pido al presidente que se sume al repudio. Una falta de respeto total\u201d, poste\u00f3.<\/p>\n\n\n\n<p>Tal fue la repercusi\u00f3n (negativa) que caus\u00f3 semejante posteo, que el Gordo Dan termin\u00f3 borr\u00e1ndolo. Previamente hab\u00eda sido repudiado incluso por el jefe de Gabinete, Guillermo Francos, quien entrevistado sobre el tema en el canal TN dijo repudiar \u201ctotalmente\u201d ese posteo. \u201cMe parece absolutamente fuera de lugar, repudiable, y no puede aceptarse ni la groser\u00eda, ni la forma en que se expresa, ni el fondo de la cuesti\u00f3n\u201d.<\/p>\n\n\n\n<p>Record\u00f3 Francos que el senador Juez hab\u00eda anticipado c\u00f3mo votar\u00eda, y cont\u00f3 que personalmente lo hab\u00eda llamado al legislador cordob\u00e9s para decirle que repudiaba esas expresiones y le ped\u00eda disculpas.<\/p>\n\n\n\n<p>Cuando le contaron al jefe de ministros que Parisini hab\u00eda borrado el tuit, dijo que \u201ces lo que corresponde, se habr\u00e1 dado cuenta que hab\u00eda cometido una barbaridad\u201d.<\/p>\n\n\n\n<p>Cuando se aprob\u00f3 la ley en el Senado, el 21 de agosto pasado, el senador Juez pronunci\u00f3 un conmovedor discurso en el que con voz entrecortada, dijo que \u201ccuando uno se desespera, el primer mensaje que les llega a los padres desesperados es: &#8216;Vayan al Garrahan&#8217;. Uno se nubla en ese momento, piensa lo peor, dice qu\u00e9 hago con esto&#8230; Hasta que va al Garrahan, y lo atienden las personas m\u00e1s id\u00f3neas, \u00e1ngeles, que agarran a nuestros hijos como si fueran suyos. Los agarran, los revisan de arriba abajo, los dan vuelta y todos nos volvemos con una cuota de esperanza. \u00bfY cu\u00e1nto vale esa esperanza? No s\u00e9, ahora quiero decirles que la \u00fanica esperanza que tenemos los padres cuando tenemos criaturas con problemas la construimos en el Garrahan\u201d.<\/p>\n","protected":false},"excerpt":{"rendered":"<p>El influencer oficialista \u201cGordoDan\u201d lanz\u00f3 una agresi\u00f3n personal contra el senador cordob\u00e9s por su voto a favor de la Ley de Emergencia en Discapacidad. El posteo gener\u00f3 un repudio que se le reclam\u00f3 al propio presidente Milei. Daniel Parisini, m\u00e1s conocido como \u201cGordoDan\u201d en las redes sociales, suele all\u00ed desconocer cualquier l\u00edmite a la hora [&hellip;]<\/p>\n","protected":false},"author":11,"featured_media":11594,"comment_status":"open","ping_status":"open","sticky":false,"template":"","format":"standard","meta":{"footnotes":""},"categories":[26],"tags":[],"class_list":{"0":"post-11593","1":"post","2":"type-post","3":"status-publish","4":"format-standard","5":"has-post-thumbnail","7":"category-nacionales"},"aioseo_notices":[],"_links":{"self":[{"href":"https:\/\/lalupa24.com.ar\/index.php\/wp-json\/wp\/v2\/posts\/11593","targetHints":{"allow":["GET"]}}],"collection":[{"href":"https:\/\/lalupa24.com.ar\/index.php\/wp-json\/wp\/v2\/posts"}],"about":[{"href":"https:\/\/lalupa24.com.ar\/index.php\/wp-json\/wp\/v2\/types\/post"}],"author":[{"embeddable":true,"href":"https:\/\/lalupa24.com.ar\/index.php\/wp-json\/wp\/v2\/users\/11"}],"replies":[{"embeddable":true,"href":"https:\/\/lalupa24.com.ar\/index.php\/wp-json\/wp\/v2\/comments?post=11593"}],"version-history":[{"count":1,"href":"https:\/\/lalupa24.com.ar\/index.php\/wp-json\/wp\/v2\/posts\/11593\/revisions"}],"predecessor-version":[{"id":11595,"href":"https:\/\/lalupa24.com.ar\/index.php\/wp-json\/wp\/v2\/posts\/11593\/revisions\/11595"}],"wp:featuredmedia":[{"embeddable":true,"href":"https:\/\/lalupa24.com.ar\/index.php\/wp-json\/wp\/v2\/media\/11594"}],"wp:attachment":[{"href":"https:\/\/lalupa24.com.ar\/index.php\/wp-json\/wp\/v2\/media?parent=11593"}],"wp:term":[{"taxonomy":"category","embeddable":true,"href":"https:\/\/lalupa24.com.ar\/index.php\/wp-json\/wp\/v2\/categories?post=11593"},{"taxonomy":"post_tag","embeddable":true,"href":"https:\/\/lalupa24.com.ar\/index.php\/wp-json\/wp\/v2\/tags?post=11593"}],"curies":[{"name":"wp","href":"https:\/\/api.w.org\/{rel}","templated":true}]}}