{"id":11599,"date":"2025-09-05T14:25:57","date_gmt":"2025-09-05T17:25:57","guid":{"rendered":"https:\/\/lalupa24.com.ar\/?p=11599"},"modified":"2025-09-05T14:25:57","modified_gmt":"2025-09-05T17:25:57","slug":"feria-del-libro-uncaus-brillo-con-la-presentacion-del-libro-de-german-oestmann-y-el-doctor-honoris-causa-a-andres-gil-dominguez","status":"publish","type":"post","link":"https:\/\/lalupa24.com.ar\/index.php\/2025\/09\/05\/feria-del-libro-uncaus-brillo-con-la-presentacion-del-libro-de-german-oestmann-y-el-doctor-honoris-causa-a-andres-gil-dominguez\/","title":{"rendered":"Feria del Libro UNCAUS: brill\u00f3 con la presentaci\u00f3n del libro de Germ\u00e1n Oestmann y el Doctor Honoris Causa a Andr\u00e9s Gil Dominguez"},"content":{"rendered":"\n<p>Esta segunda edici\u00f3n de la Feria contin\u00faa hasta el domingo 7 de septiembre, de 8 horas a 21<br>horas, con entrada libre y gratuita en el Estadio Arena UNCAUS, con la participaci\u00f3n de<br>diversas librer\u00edas, charlas, patio de comidas, entre otras actividades.<\/p>\n\n\n\n<p>En el Estadio Arena UNCAUS el d\u00eda jueves 4 de septiembre, se llev\u00f3 a cabo la inauguraci\u00f3n<br>formal de la segunda edici\u00f3n de la Feria del Libro de la Universidad Nacional del Chaco Austral<br>(UNCAUS), bajo el lema \u201cinteligencia artificial: entre letras y algoritmos \u00bfqui\u00e9n escribe<br>ahora?&#8221;.<br>Particip\u00f3 de la inauguraci\u00f3n el rector de la Universidad, abogado Germ\u00e1n Oestmann, el<br>intendente de la Municipalidad de Presidencia Roque S\u00e1enz Pe\u00f1a Bruno Cipolini, intendentes<br>de localidades vecinas, miembros del Concejo Municipal, de la Casa de Altos Estudios y<br>p\u00fablico en general.<br>Esta segunda Feria del Libro de UNCAUS fue declarada de inter\u00e9s provincial, otorgada por la<br>C\u00e1mara de Diputados del Chaco y Municipalidad, extendida por el Concejo Deliberante de la<br>ciudad de Presidencia Roque S\u00e1ez Pe\u00f1a. Este importante respaldo institucional reafirma el valor<br>de las pol\u00edticas p\u00fablicas que articulan cultura, educaci\u00f3n y desarrollo local. La Feria promueve<br>la lectura, la escritura y el pensamiento cr\u00edtico como ejes centrales de una cultura democr\u00e1tica,<br>al mismo tiempo que fortalece el entramado comunitario, la econom\u00eda creativa y el turismo<br>cultural.<br>Adem\u00e1s, destacaron en cuanto a participaci\u00f3n de p\u00fablico la presentaci\u00f3n del libro de su autor\u00eda<br>del rector Germ\u00e1n Oestmann titulado &#8220;Derecho y Sociedad en Transformaci\u00f3n- una mirada<br>acad\u00e9mica binacional sobre corrupci\u00f3n, justicia, paz y dignidad humana&#8221; y el acto de<br>investidura como Doctor Honoris Causa de la UNCAUS al doctor Andr\u00e9s Gil Dom\u00ednguez,<br>quien disert\u00f3 sobre &#8220;constitucionalismo digital e inteligencia artificial&#8221;.<br>La Feria del Libro di\u00f3 comienzo el mi\u00e9rcoles 3 de septiembre con una participaci\u00f3n de<br>espectadores que superan los 4.000 y se extender\u00e1 hasta el 7 de septiembre, de 8 horas a 21<br>horas, con entrada libre y gratuita y una amplia grilla de actividades para lo que resta de estas<br>jornadas.<\/p>\n","protected":false},"excerpt":{"rendered":"<p>Esta segunda edici\u00f3n de la Feria contin\u00faa hasta el domingo 7 de septiembre, de 8 horas a 21horas, con entrada libre y gratuita en el Estadio Arena UNCAUS, con la participaci\u00f3n dediversas librer\u00edas, charlas, patio de comidas, entre otras actividades. En el Estadio Arena UNCAUS el d\u00eda jueves 4 de septiembre, se llev\u00f3 a cabo [&hellip;]<\/p>\n","protected":false},"author":11,"featured_media":11600,"comment_status":"open","ping_status":"open","sticky":false,"template":"","format":"standard","meta":{"footnotes":""},"categories":[28],"tags":[],"class_list":{"0":"post-11599","1":"post","2":"type-post","3":"status-publish","4":"format-standard","5":"has-post-thumbnail","7":"category-locales"},"aioseo_notices":[],"_links":{"self":[{"href":"https:\/\/lalupa24.com.ar\/index.php\/wp-json\/wp\/v2\/posts\/11599","targetHints":{"allow":["GET"]}}],"collection":[{"href":"https:\/\/lalupa24.com.ar\/index.php\/wp-json\/wp\/v2\/posts"}],"about":[{"href":"https:\/\/lalupa24.com.ar\/index.php\/wp-json\/wp\/v2\/types\/post"}],"author":[{"embeddable":true,"href":"https:\/\/lalupa24.com.ar\/index.php\/wp-json\/wp\/v2\/users\/11"}],"replies":[{"embeddable":true,"href":"https:\/\/lalupa24.com.ar\/index.php\/wp-json\/wp\/v2\/comments?post=11599"}],"version-history":[{"count":1,"href":"https:\/\/lalupa24.com.ar\/index.php\/wp-json\/wp\/v2\/posts\/11599\/revisions"}],"predecessor-version":[{"id":11601,"href":"https:\/\/lalupa24.com.ar\/index.php\/wp-json\/wp\/v2\/posts\/11599\/revisions\/11601"}],"wp:featuredmedia":[{"embeddable":true,"href":"https:\/\/lalupa24.com.ar\/index.php\/wp-json\/wp\/v2\/media\/11600"}],"wp:attachment":[{"href":"https:\/\/lalupa24.com.ar\/index.php\/wp-json\/wp\/v2\/media?parent=11599"}],"wp:term":[{"taxonomy":"category","embeddable":true,"href":"https:\/\/lalupa24.com.ar\/index.php\/wp-json\/wp\/v2\/categories?post=11599"},{"taxonomy":"post_tag","embeddable":true,"href":"https:\/\/lalupa24.com.ar\/index.php\/wp-json\/wp\/v2\/tags?post=11599"}],"curies":[{"name":"wp","href":"https:\/\/api.w.org\/{rel}","templated":true}]}}