{"id":11605,"date":"2025-09-07T14:28:14","date_gmt":"2025-09-07T17:28:14","guid":{"rendered":"https:\/\/lalupa24.com.ar\/?p=11605"},"modified":"2025-09-07T14:28:14","modified_gmt":"2025-09-07T17:28:14","slug":"el-papa-leon-xiv-pidio-por-el-fin-de-las-guerras-dios-quiere-la-paz","status":"publish","type":"post","link":"https:\/\/lalupa24.com.ar\/index.php\/2025\/09\/07\/el-papa-leon-xiv-pidio-por-el-fin-de-las-guerras-dios-quiere-la-paz\/","title":{"rendered":"El papa Le\u00f3n XIV pidi\u00f3 por el fin de las guerras: &#8220;\u00a1Dios quiere la paz!&#8221;"},"content":{"rendered":"\n<p>Luego de la ceremonia de canonizaci\u00f3n de dos nuevos santos, el Sumo Pont\u00edfice exhort\u00f3 a los l\u00edderes mundiales a terminar con la violencia.<\/p>\n\n\n\n<p>El papa Le\u00f3n XIV pidi\u00f3 por el fin de las guerras al pronunciarse este domingo en la Plaza de San Pedro del Vaticano, donde presidi\u00f3 la Misa con el rito de canonizaci\u00f3n de Pier Giorgio Frassati y Carlo Acutis. Al finalizar la celebraci\u00f3n eucar\u00edstica, el Pont\u00edfice rez\u00f3 el \u00c1ngelus y dirigi\u00f3 un mensaje a los gobernantes y a los fieles presentes.<\/p>\n\n\n\n<p>En sus palabras antes de la oraci\u00f3n mariana, el Sumo Pont\u00edfice inst\u00f3 a &#8220;escuchar la voz de la conciencia&#8221; y enfatiz\u00f3 que &#8220;las aparentes victorias logradas por las armas, sembrando muerte y destrucci\u00f3n, son en realidad derrotas y nunca traen paz ni seguridad&#8221;. El mensaje de paz del Papa no solo abord\u00f3 el conflicto en Ucrania, sino que se extendi\u00f3 a todas las tierras afectadas por la violencia, particularmente a Tierra Santa.<\/p>\n\n\n\n<p>El Santo Padre invoc\u00f3 a la intercesi\u00f3n de los nuevos santos y de la Virgen Mar\u00eda para el cese de la violencia en el mundo. En esa misma l\u00ednea, el Papa dirigi\u00f3 su llamado a los gobernantes, y reiter\u00f3: \u201cLas aparentes victorias logradas por la fuerza de las armas, sembrando muerte y destrucci\u00f3n, son en realidad derrotas y nunca traen paz ni seguridad. Dios no quiere la guerra. \u00a1Dios quiere la paz! Y Dios sostiene a quienes se comprometen a romper la espiral del odio y a recorrer el camino del di\u00e1logo\u201d.<\/p>\n\n\n\n<p>Asimismo, el Papa aprovech\u00f3 el momento para recordar a los dos nuevos beatos de la Iglesia, quienes fueron m\u00e1rtires. \u201cEn Tallin, capital de Estonia, fue beatificado el arzobispo jesuita Eduard Profittlich, asesinado en 1942 durante la persecuci\u00f3n de la Iglesia por parte del r\u00e9gimen sovi\u00e9tico. Y en Veszpr\u00e9m, Hungr\u00eda, fue beatificada Mar\u00eda Magdolna B\u00f3di, una joven laica asesinada en 1945 por resistirse a los soldados que quer\u00edan violarla. Alabemos al Se\u00f1or por estos dos m\u00e1rtires, valientes testigos de la belleza del Evangelio\u201d, pronunci\u00f3 el Papa.<\/p>\n\n\n\n<p>Para finalizar, el Pont\u00edfice salud\u00f3 a los obispos, sacerdotes, delegaciones oficiales y a todos los fieles que participaron de la esperada ceremonia.<\/p>\n","protected":false},"excerpt":{"rendered":"<p>Luego de la ceremonia de canonizaci\u00f3n de dos nuevos santos, el Sumo Pont\u00edfice exhort\u00f3 a los l\u00edderes mundiales a terminar con la violencia. El papa Le\u00f3n XIV pidi\u00f3 por el fin de las guerras al pronunciarse este domingo en la Plaza de San Pedro del Vaticano, donde presidi\u00f3 la Misa con el rito de canonizaci\u00f3n [&hellip;]<\/p>\n","protected":false},"author":11,"featured_media":11606,"comment_status":"open","ping_status":"open","sticky":false,"template":"","format":"standard","meta":{"footnotes":""},"categories":[25],"tags":[],"class_list":{"0":"post-11605","1":"post","2":"type-post","3":"status-publish","4":"format-standard","5":"has-post-thumbnail","7":"category-internacionales"},"aioseo_notices":[],"_links":{"self":[{"href":"https:\/\/lalupa24.com.ar\/index.php\/wp-json\/wp\/v2\/posts\/11605","targetHints":{"allow":["GET"]}}],"collection":[{"href":"https:\/\/lalupa24.com.ar\/index.php\/wp-json\/wp\/v2\/posts"}],"about":[{"href":"https:\/\/lalupa24.com.ar\/index.php\/wp-json\/wp\/v2\/types\/post"}],"author":[{"embeddable":true,"href":"https:\/\/lalupa24.com.ar\/index.php\/wp-json\/wp\/v2\/users\/11"}],"replies":[{"embeddable":true,"href":"https:\/\/lalupa24.com.ar\/index.php\/wp-json\/wp\/v2\/comments?post=11605"}],"version-history":[{"count":1,"href":"https:\/\/lalupa24.com.ar\/index.php\/wp-json\/wp\/v2\/posts\/11605\/revisions"}],"predecessor-version":[{"id":11607,"href":"https:\/\/lalupa24.com.ar\/index.php\/wp-json\/wp\/v2\/posts\/11605\/revisions\/11607"}],"wp:featuredmedia":[{"embeddable":true,"href":"https:\/\/lalupa24.com.ar\/index.php\/wp-json\/wp\/v2\/media\/11606"}],"wp:attachment":[{"href":"https:\/\/lalupa24.com.ar\/index.php\/wp-json\/wp\/v2\/media?parent=11605"}],"wp:term":[{"taxonomy":"category","embeddable":true,"href":"https:\/\/lalupa24.com.ar\/index.php\/wp-json\/wp\/v2\/categories?post=11605"},{"taxonomy":"post_tag","embeddable":true,"href":"https:\/\/lalupa24.com.ar\/index.php\/wp-json\/wp\/v2\/tags?post=11605"}],"curies":[{"name":"wp","href":"https:\/\/api.w.org\/{rel}","templated":true}]}}