{"id":1162,"date":"2024-04-10T09:35:00","date_gmt":"2024-04-10T12:35:00","guid":{"rendered":"https:\/\/lalupa24.com.ar\/?p=1162"},"modified":"2024-05-10T10:27:50","modified_gmt":"2024-05-10T13:27:50","slug":"el-gobernador-zdero-encabezo-el-cierre-de-la-cumbre-chaquena-de-ciencia-tecnologia-eh-innovacion","status":"publish","type":"post","link":"https:\/\/lalupa24.com.ar\/index.php\/2024\/04\/10\/el-gobernador-zdero-encabezo-el-cierre-de-la-cumbre-chaquena-de-ciencia-tecnologia-eh-innovacion\/","title":{"rendered":"El gobernador zdero encabez\u00f3 el cierre de la cumbre chaque\u00f1a de ciencia, tecnolog\u00eda eh innovaci\u00f3n"},"content":{"rendered":"\n<p><strong>El gobernador Leandro Zdero encabez\u00f3 este mi\u00e9rcoles el cierre de la \u201cCumbre Chaque\u00f1a de Ciencia, Tecnolog\u00eda e Innovaci\u00f3n\u201d, evento organizado por el\u00a0 Instituto Chaque\u00f1o de Ciencia, Tecnolog\u00eda e Innovaci\u00f3n (ICCTI) y que se llev\u00f3 adelante en el Centro de Convenciones Gala de Resistencia.\u00a0 \u201cEs una Cumbre chaque\u00f1a de excelencia para la ciencia, la tecnolog\u00eda y la innovaci\u00f3n y estoy feliz de poder estar compartiendo esto que es una decisi\u00f3n pol\u00edtica\u201d, expres\u00f3 el mandatario.<\/strong><br>Acompa\u00f1ado por la presidente del ICCTI, Delfina Veirav\u00e9, Zdero destac\u00f3 el evento que cont\u00f3 con la participaci\u00f3n de m\u00e1s de 500 investigadores, cient\u00edficos, tecn\u00f3logos, becarios, estudiantes avanzados, empresarios y emprendedores del pa\u00eds y remarc\u00f3 que esta Cumbre logr\u00f3 impulsar lo que desde el Gobierno Provincial se busca, que es \u201cdemocratizar la ciencia, la tecnolog\u00eda y la innovaci\u00f3n; que pueda llegar a todos los sectores y a todas las dimensiones en materia productiva, de salud, econ\u00f3mica, social, salud y ambiental de la provincia\u201d.<br>En la Cumbre, donde se realizaron charlas y conversatorios en tem\u00e1ticas de Salud y Ambiente; Agroindustria y Econom\u00eda del Conocimiento en el marco de la conmemoraci\u00f3n del D\u00eda Mundial de la Ciencia y la Tecnolog\u00eda, Zdero manifest\u00f3 que, desde el inicio de la gesti\u00f3n junto al ICCTI trabajaron arduamente en m\u00faltiples ideas y que establecer que cada 10 de abril se realicen estos eventos que impulsan a \u201cvisibilizar logros y trabajos que realizan nuestros innovadores, instituciones y articular el trabajo articulado entre el Estado Provincial, el sector p\u00fablico, privado, universidades, instituciones y exponer lo que hacen, intercambiar ideas, mesas de debates\u201d.<br>Plan Chaco+20<br>Por \u00faltimo y haciendo hincapi\u00e9 en la \u201cvital importancia\u201d del ICCTI para el Gobierno, el gobernador anunci\u00f3 que el mes que viene se pondr\u00e1 en funcionamiento el Plan Estrat\u00e9gico Participativo \u201cChaco +20\u201d que \u201ctiene que ver con la posibilidad de que desde la ciencia, la tecnolog\u00eda, ciencia podamos acompa\u00f1ar esta visi\u00f3n de modelo de provincia que tenemos, en cada una de las regiones, atendiendo la demanda del sector productivo, de educaci\u00f3n, ambiental, social, de la salud. En ese camino estamos, atendiendo la particularidad que tiene que ver con resguardar y capitalizar la propiedad intelectual\u201d.<br>Encuentros entre distintos sectores para potenciar la ciencia, tecnolog\u00eda e innovaci\u00f3n<br>A su turno, la titular del ICCTI, Delfina Veirav\u00e9, destac\u00f3 la convocatoria del evento, celebrando \u201cesta posibilidad de encuentro, de di\u00e1logo entre sectores que pertenecen a diferentes \u00e1mbitos (acad\u00e9mico, empresarial, sector privado y tambi\u00e9n quienes tienen funciones de gobierno)\u201d. En ese sentido, mencion\u00f3 tambi\u00e9n a funcionarios de diferentes especialidades, que plantearon \u201cc\u00f3mo se alimenta la pol\u00edtica p\u00fablica con conocimiento, con ciencia, con desarrollo tecnol\u00f3gico\u201d, remarcando que \u201ces la primera cumbre que realiza el Instituto y la Provincia en relaci\u00f3n a la ciencia y la tecnolog\u00eda\u201d.<br>Por otra parte, mencion\u00f3 lo que fue la instauraci\u00f3n de un premio a las mejores tesis de posgrado, que fueron seleccionadas por la pertinencia que ten\u00edan en cuanto a temas vinculados a las problem\u00e1ticas y potencialidades para el desarrollo de la provincia del Chaco.<br><em>Participaron del evento el secretario de Coordinaci\u00f3n de Gabinete, Livio Guti\u00e9rrez; el vicepresidente del Instituto Chaque\u00f1o de Ciencia, Tecnolog\u00eda, e Innovaci\u00f3n (ICCTI), Alejandro Gorodner; el senador Nacional, V\u00edctor Zimmerman; el titular del Instituto de Investigaciones Forestales y Agropecuarias, Carlos Favar\u00f3n; expositores, representantes del INTA, el INTI, CONICET, INET, y referentes de las universidades nacionales (UTN, UNNE y UNCAUS).<\/em><\/p>\n","protected":false},"excerpt":{"rendered":"<p>El gobernador Leandro Zdero encabez\u00f3 este mi\u00e9rcoles el cierre de la \u201cCumbre Chaque\u00f1a de Ciencia, Tecnolog\u00eda e Innovaci\u00f3n\u201d, evento organizado por el\u00a0 Instituto Chaque\u00f1o de Ciencia, Tecnolog\u00eda e Innovaci\u00f3n (ICCTI) y que se llev\u00f3 adelante en el Centro de Convenciones Gala de Resistencia.\u00a0 \u201cEs una Cumbre chaque\u00f1a de excelencia para la ciencia, la tecnolog\u00eda y [&hellip;]<\/p>\n","protected":false},"author":2,"featured_media":1163,"comment_status":"open","ping_status":"open","sticky":false,"template":"","format":"standard","meta":{"footnotes":""},"categories":[28],"tags":[],"class_list":{"0":"post-1162","1":"post","2":"type-post","3":"status-publish","4":"format-standard","5":"has-post-thumbnail","7":"category-locales"},"aioseo_notices":[],"_links":{"self":[{"href":"https:\/\/lalupa24.com.ar\/index.php\/wp-json\/wp\/v2\/posts\/1162","targetHints":{"allow":["GET"]}}],"collection":[{"href":"https:\/\/lalupa24.com.ar\/index.php\/wp-json\/wp\/v2\/posts"}],"about":[{"href":"https:\/\/lalupa24.com.ar\/index.php\/wp-json\/wp\/v2\/types\/post"}],"author":[{"embeddable":true,"href":"https:\/\/lalupa24.com.ar\/index.php\/wp-json\/wp\/v2\/users\/2"}],"replies":[{"embeddable":true,"href":"https:\/\/lalupa24.com.ar\/index.php\/wp-json\/wp\/v2\/comments?post=1162"}],"version-history":[{"count":1,"href":"https:\/\/lalupa24.com.ar\/index.php\/wp-json\/wp\/v2\/posts\/1162\/revisions"}],"predecessor-version":[{"id":1164,"href":"https:\/\/lalupa24.com.ar\/index.php\/wp-json\/wp\/v2\/posts\/1162\/revisions\/1164"}],"wp:featuredmedia":[{"embeddable":true,"href":"https:\/\/lalupa24.com.ar\/index.php\/wp-json\/wp\/v2\/media\/1163"}],"wp:attachment":[{"href":"https:\/\/lalupa24.com.ar\/index.php\/wp-json\/wp\/v2\/media?parent=1162"}],"wp:term":[{"taxonomy":"category","embeddable":true,"href":"https:\/\/lalupa24.com.ar\/index.php\/wp-json\/wp\/v2\/categories?post=1162"},{"taxonomy":"post_tag","embeddable":true,"href":"https:\/\/lalupa24.com.ar\/index.php\/wp-json\/wp\/v2\/tags?post=1162"}],"curies":[{"name":"wp","href":"https:\/\/api.w.org\/{rel}","templated":true}]}}