{"id":11633,"date":"2025-09-10T17:33:02","date_gmt":"2025-09-10T20:33:02","guid":{"rendered":"https:\/\/lalupa24.com.ar\/?p=11633"},"modified":"2025-09-10T17:33:03","modified_gmt":"2025-09-10T20:33:03","slug":"espert-se-quiso-colar-en-la-mesa-bonaerense-y-karina-lo-bajo-no-es-momento-jose-luis","status":"publish","type":"post","link":"https:\/\/lalupa24.com.ar\/index.php\/2025\/09\/10\/espert-se-quiso-colar-en-la-mesa-bonaerense-y-karina-lo-bajo-no-es-momento-jose-luis\/","title":{"rendered":"Espert se quiso colar en la mesa bonaerense y Karina lo baj\u00f3: &#8220;No es momento, Jos\u00e9 Luis&#8221;"},"content":{"rendered":"\n<p>Jos\u00e9 Luis Espert fue excluido de la mesa bonaerense de La Libertad Avanza pese a que encabeza la lista de diputados nacionales en la provincia y busc\u00f3 colarse a la primera reuni\u00f3n del grupo que se hizo el martes en la Rosada.<\/p>\n\n\n\n<p>Como no tiene acceso a la Rosada del que gozan los mozos y otros personajes que mantienen en pie al palacio gubernamental, Espert tuvo que pedirle permiso a Santiago Caputo para que lo dejen entrar.<\/p>\n\n\n\n<p>Lo que buscaba el candidato era ser advertido por los fot\u00f3grafos en la marcha por la explanada, que estirar\u00eda como una modelo de Pancho Dotto para darles m\u00e1s oportunidades a los flashes.<\/p>\n\n\n\n<p>Pero Santiago le devolvi\u00f3 la peor de las repuestas: &#8220;Eso lo ten\u00e9s que hablar con Karina&#8221;, dijo el asesor estrella, que participa de la mesa bonaerense pero no con la jerarqu\u00eda que quisiera.<\/p>\n\n\n\n<p>Espert le escribi\u00f3 a Karina, que lo termin\u00f3 de bajar. &#8220;No es momento, Jos\u00e9 Luis, dejemos que pase un tiempo&#8221;, le respondi\u00f3 la principal figura del gobierno.<\/p>\n\n\n\n<p>El economista atraviesa una campa\u00f1a tortuosa. En primer lugar por el caso de Dar\u00edo Spagnuolo,\u00a0su amigo \u00edntimo\u00a0que destap\u00f3 el esc\u00e1ndalo de las coimas de la Andis. Por ese tema ya pidi\u00f3 al aire de Rivadavia que\u00a0no le rompan las bolas.<\/p>\n\n\n\n<p>En una imagen para la historia,\u00a0escap\u00f3 en la moto\u00a0de un barrabrava de la caravana que Milei hizo en Lomas de Zamora d\u00edas antes de la paliza electoral del \u00faltimo domingo.<\/p>\n\n\n\n<p>En la madrugada del domingo, los camporistas Mayra Mendoza y Facundo Tignanelli volv\u00edan del bunker de Fuerza Patria, en La Plata, tras el triunfo del peronismo sobre los libertarios.&nbsp;<\/p>\n\n\n\n<p>Acompa\u00f1ados por un pu\u00f1ado de asesores, pararon por caf\u00e9 en una estaci\u00f3n de servicio de la Autopista Buenos Aires-La Plata.&nbsp;<\/p>\n\n\n\n<p>Ah\u00ed estaba sentado Espert con otra persona. Se desconoce si fue una reuni\u00f3n de urgencia por la derrota, pero lo cierto es que para no cruzarse con Mayra y Tignanelli el diputado nacional se dio toda la vuelta y huy\u00f3 por un costado.<\/p>\n","protected":false},"excerpt":{"rendered":"<p>Jos\u00e9 Luis Espert fue excluido de la mesa bonaerense de La Libertad Avanza pese a que encabeza la lista de diputados nacionales en la provincia y busc\u00f3 colarse a la primera reuni\u00f3n del grupo que se hizo el martes en la Rosada. Como no tiene acceso a la Rosada del que gozan los mozos y [&hellip;]<\/p>\n","protected":false},"author":2,"featured_media":11634,"comment_status":"open","ping_status":"open","sticky":false,"template":"","format":"standard","meta":{"footnotes":""},"categories":[26],"tags":[],"class_list":{"0":"post-11633","1":"post","2":"type-post","3":"status-publish","4":"format-standard","5":"has-post-thumbnail","7":"category-nacionales"},"aioseo_notices":[],"_links":{"self":[{"href":"https:\/\/lalupa24.com.ar\/index.php\/wp-json\/wp\/v2\/posts\/11633","targetHints":{"allow":["GET"]}}],"collection":[{"href":"https:\/\/lalupa24.com.ar\/index.php\/wp-json\/wp\/v2\/posts"}],"about":[{"href":"https:\/\/lalupa24.com.ar\/index.php\/wp-json\/wp\/v2\/types\/post"}],"author":[{"embeddable":true,"href":"https:\/\/lalupa24.com.ar\/index.php\/wp-json\/wp\/v2\/users\/2"}],"replies":[{"embeddable":true,"href":"https:\/\/lalupa24.com.ar\/index.php\/wp-json\/wp\/v2\/comments?post=11633"}],"version-history":[{"count":1,"href":"https:\/\/lalupa24.com.ar\/index.php\/wp-json\/wp\/v2\/posts\/11633\/revisions"}],"predecessor-version":[{"id":11635,"href":"https:\/\/lalupa24.com.ar\/index.php\/wp-json\/wp\/v2\/posts\/11633\/revisions\/11635"}],"wp:featuredmedia":[{"embeddable":true,"href":"https:\/\/lalupa24.com.ar\/index.php\/wp-json\/wp\/v2\/media\/11634"}],"wp:attachment":[{"href":"https:\/\/lalupa24.com.ar\/index.php\/wp-json\/wp\/v2\/media?parent=11633"}],"wp:term":[{"taxonomy":"category","embeddable":true,"href":"https:\/\/lalupa24.com.ar\/index.php\/wp-json\/wp\/v2\/categories?post=11633"},{"taxonomy":"post_tag","embeddable":true,"href":"https:\/\/lalupa24.com.ar\/index.php\/wp-json\/wp\/v2\/tags?post=11633"}],"curies":[{"name":"wp","href":"https:\/\/api.w.org\/{rel}","templated":true}]}}