{"id":11701,"date":"2025-09-12T10:20:12","date_gmt":"2025-09-12T13:20:12","guid":{"rendered":"https:\/\/lalupa24.com.ar\/?p=11701"},"modified":"2025-09-12T10:20:14","modified_gmt":"2025-09-12T13:20:14","slug":"bolsonaro-es-el-tercer-ex-presidente-brasileno-condenado-y-se-suma-a-la-lista-de-lideres-latinoamericanos-procesados","status":"publish","type":"post","link":"https:\/\/lalupa24.com.ar\/index.php\/2025\/09\/12\/bolsonaro-es-el-tercer-ex-presidente-brasileno-condenado-y-se-suma-a-la-lista-de-lideres-latinoamericanos-procesados\/","title":{"rendered":"Bolsonaro es el tercer ex presidente brasile\u00f1o condenado y se suma a la lista de l\u00edderes latinoamericanos procesados"},"content":{"rendered":"\n<p>El ex presidente\u00a0<strong>Jair Bolsonaro<\/strong>\u00a0se convirti\u00f3 este jueves en el tercer ex jefe de Estado de Brasil condenado por la Justicia, al ser sentenciado a 27 a\u00f1os y tres meses de c\u00e1rcel por golpismo.<\/p>\n\n\n\n<p>El l\u00edder de la ultraderecha, quien gobern\u00f3 Brasil entre 2019 y 2022, tendr\u00e1 que cumplir\u00a0<strong>condena por haber conspirado contra el orden democr\u00e1tico<\/strong>\u00a0tras su derrota en las elecciones de 2022 frente al actual mandatario,\u00a0<strong>Luiz In\u00e1cio Lula da Silva<\/strong>.<\/p>\n","protected":false},"excerpt":{"rendered":"<p>El ex presidente\u00a0Jair Bolsonaro\u00a0se convirti\u00f3 este jueves en el tercer ex jefe de Estado de Brasil condenado por la Justicia, al ser sentenciado a 27 a\u00f1os y tres meses de c\u00e1rcel por golpismo. El l\u00edder de la ultraderecha, quien gobern\u00f3 Brasil entre 2019 y 2022, tendr\u00e1 que cumplir\u00a0condena por haber conspirado contra el orden democr\u00e1tico\u00a0tras [&hellip;]<\/p>\n","protected":false},"author":2,"featured_media":11702,"comment_status":"open","ping_status":"open","sticky":false,"template":"","format":"standard","meta":{"footnotes":""},"categories":[25],"tags":[],"class_list":{"0":"post-11701","1":"post","2":"type-post","3":"status-publish","4":"format-standard","5":"has-post-thumbnail","7":"category-internacionales"},"aioseo_notices":[],"_links":{"self":[{"href":"https:\/\/lalupa24.com.ar\/index.php\/wp-json\/wp\/v2\/posts\/11701","targetHints":{"allow":["GET"]}}],"collection":[{"href":"https:\/\/lalupa24.com.ar\/index.php\/wp-json\/wp\/v2\/posts"}],"about":[{"href":"https:\/\/lalupa24.com.ar\/index.php\/wp-json\/wp\/v2\/types\/post"}],"author":[{"embeddable":true,"href":"https:\/\/lalupa24.com.ar\/index.php\/wp-json\/wp\/v2\/users\/2"}],"replies":[{"embeddable":true,"href":"https:\/\/lalupa24.com.ar\/index.php\/wp-json\/wp\/v2\/comments?post=11701"}],"version-history":[{"count":1,"href":"https:\/\/lalupa24.com.ar\/index.php\/wp-json\/wp\/v2\/posts\/11701\/revisions"}],"predecessor-version":[{"id":11703,"href":"https:\/\/lalupa24.com.ar\/index.php\/wp-json\/wp\/v2\/posts\/11701\/revisions\/11703"}],"wp:featuredmedia":[{"embeddable":true,"href":"https:\/\/lalupa24.com.ar\/index.php\/wp-json\/wp\/v2\/media\/11702"}],"wp:attachment":[{"href":"https:\/\/lalupa24.com.ar\/index.php\/wp-json\/wp\/v2\/media?parent=11701"}],"wp:term":[{"taxonomy":"category","embeddable":true,"href":"https:\/\/lalupa24.com.ar\/index.php\/wp-json\/wp\/v2\/categories?post=11701"},{"taxonomy":"post_tag","embeddable":true,"href":"https:\/\/lalupa24.com.ar\/index.php\/wp-json\/wp\/v2\/tags?post=11701"}],"curies":[{"name":"wp","href":"https:\/\/api.w.org\/{rel}","templated":true}]}}