{"id":11731,"date":"2025-09-12T10:32:48","date_gmt":"2025-09-12T13:32:48","guid":{"rendered":"https:\/\/lalupa24.com.ar\/?p=11731"},"modified":"2025-09-12T10:32:49","modified_gmt":"2025-09-12T13:32:49","slug":"fernando-cerimedo-declaro-ante-el-fiscal-picardi-diego-spagnuolo-le-hablo-de-corrupcion-y-coimas-en-andis","status":"publish","type":"post","link":"https:\/\/lalupa24.com.ar\/index.php\/2025\/09\/12\/fernando-cerimedo-declaro-ante-el-fiscal-picardi-diego-spagnuolo-le-hablo-de-corrupcion-y-coimas-en-andis\/","title":{"rendered":"Fernando Cerimedo declar\u00f3 ante el fiscal Picardi: Diego Spagnuolo le habl\u00f3 de &#8220;corrupci\u00f3n&#8221; y &#8220;coimas&#8221; en ANDIS"},"content":{"rendered":"\n<p>El consultor y asesor de La Libertad Avanza,&nbsp;<strong>Fernando Cerimedo<\/strong>, declar\u00f3 este jueves por la noche ante el fiscal&nbsp;<strong>Franco Picardi<\/strong>&nbsp;en el marco de la causa que investiga la presunta red de coimas en la Agencia Nacional de Discapacidad (ANDIS). Ante el representante del Ministerio P\u00fablico Fiscal en Comodoro Py,&nbsp;<strong>Cerimedo confirm\u00f3 que el exdirector de la ANDIS, Diego Spagnuolo, le hab\u00eda &#8220;hablado de hechos de corrupci\u00f3n&#8221; y le hizo menci\u00f3n &#8220;a coimas&#8221;<\/strong>.<\/p>\n\n\n\n<p>La declaraci\u00f3n de Cerimedo es clave en la investigaci\u00f3n que busca determinar si existi\u00f3 un circuito de sobornos que involucra a la ANDIS, bajo la direcci\u00f3n de Diego Spagnuolo, y a la droguer\u00eda Suizo Argentina SA de la familia Kovalivker.&nbsp;<strong>Seg\u00fan supo Noticias Argentinas<\/strong>, el testimonio de Cerimedo refuerza la credibilidad de las denuncias sobre la corrupci\u00f3n, aunque el consultor neg\u00f3 rotundamente haber grabado a Spagnuolo o haber filtrado los audios que desataron el esc\u00e1ndalo.<\/p>\n\n\n\n<h3 class=\"wp-block-heading\">El testimonio de Cerimedo: confirmaciones y negaciones<\/h3>\n\n\n\n<p>Durante su declaraci\u00f3n testimonial, Cerimedo abord\u00f3 varios puntos centrales de la causa:<\/p>\n\n\n\n<ul class=\"wp-block-list\">\n<li><strong>Confirmaci\u00f3n de las denuncias:<\/strong>\u00a0El consultor ratific\u00f3 que Spagnuolo le hab\u00eda &#8220;hablado de hechos de corrupci\u00f3n&#8221; y de &#8220;coimas&#8221;, una informaci\u00f3n que, seg\u00fan hab\u00eda deslizado previamente, &#8220;alguien ten\u00eda guardada&#8221; y &#8220;la usaron en \u00e9poca de elecciones&#8221;. Cerimedo hab\u00eda anticipado a Clar\u00edn que la charla filtrada no fue con \u00e9l, pero que Spagnuolo &#8220;en cuotas&#8221; ya le hab\u00eda contado sobre posibles irregularidades.<\/li>\n\n\n\n<li><strong>Negaci\u00f3n de la grabaci\u00f3n:\u00a0<\/strong>Cerimedo enfatiz\u00f3 que no fue \u00e9l quien grab\u00f3 a Spagnuolo. Argument\u00f3 que nunca se reuni\u00f3 con \u00e9l en una confiter\u00eda &#8220;como se puede escuchar de fondo en los audios&#8221;. Tambi\u00e9n mencion\u00f3 que la relaci\u00f3n entre ellos no termin\u00f3 bien y que Spagnuolo podr\u00eda haber pensado que \u00e9l lo grab\u00f3 por eso, pero desestim\u00f3 la idea: \u201cYo tuve un diario que banca al Gobierno, me cargu\u00e9 la campa\u00f1a al hombro. \u00bfPara qu\u00e9 voy a tirar esa bomba? \u00bfCon qu\u00e9 finalidad, para da\u00f1ar al pelado?\u201d.<\/li>\n\n\n\n<li><strong>V\u00ednculo con Spagnuolo:\u00a0<\/strong>Cerimedo no neg\u00f3 su buen v\u00ednculo con el exdirector de ANDIS, se\u00f1alando que fue el presidente Javier Milei quien los present\u00f3. Explic\u00f3 que Spagnuolo &#8220;le contaba cosas de internas y de pol\u00edtica&#8221; con las mismas expresiones que se escuchan en las grabaciones. Adem\u00e1s, dijo que en esa supuesta charla filtrada &#8220;no habl\u00e1bamos del presidente, habl\u00e1bamos de Javier\u201d, en referencia a la cercan\u00eda de Spagnuolo con Milei.<\/li>\n<\/ul>\n\n\n\n<p>La defensa de los empresarios Kovalivker, por su parte, ha interpuesto un planteo pidiendo la nulidad de la investigaci\u00f3n, argumentando que se inici\u00f3 en base a una grabaci\u00f3n que es producto de un il\u00edcito y una &#8220;violaci\u00f3n a la intimidad de Spagnuolo&#8221;.<\/p>\n\n\n\n<p>En una semana vence la pr\u00f3rroga del secreto de sumario, momento en el que las partes tendr\u00e1n acceso al expediente. En este contexto,&nbsp;<strong>Diego Spagnuolo eval\u00faa convertirse en &#8220;imputado colaborador&#8221;<\/strong>&nbsp;para mejorar su situaci\u00f3n legal, lo que lo obligar\u00eda a decir la verdad y aportar datos novedosos y de relevancia para la investigaci\u00f3n, apuntando posiblemente hacia alguien de mayor jerarqu\u00eda.<\/p>\n","protected":false},"excerpt":{"rendered":"<p>El consultor y asesor de La Libertad Avanza,&nbsp;Fernando Cerimedo, declar\u00f3 este jueves por la noche ante el fiscal&nbsp;Franco Picardi&nbsp;en el marco de la causa que investiga la presunta red de coimas en la Agencia Nacional de Discapacidad (ANDIS). Ante el representante del Ministerio P\u00fablico Fiscal en Comodoro Py,&nbsp;Cerimedo confirm\u00f3 que el exdirector de la ANDIS, [&hellip;]<\/p>\n","protected":false},"author":2,"featured_media":11732,"comment_status":"open","ping_status":"open","sticky":false,"template":"","format":"standard","meta":{"footnotes":""},"categories":[26],"tags":[],"class_list":{"0":"post-11731","1":"post","2":"type-post","3":"status-publish","4":"format-standard","5":"has-post-thumbnail","7":"category-nacionales"},"aioseo_notices":[],"_links":{"self":[{"href":"https:\/\/lalupa24.com.ar\/index.php\/wp-json\/wp\/v2\/posts\/11731","targetHints":{"allow":["GET"]}}],"collection":[{"href":"https:\/\/lalupa24.com.ar\/index.php\/wp-json\/wp\/v2\/posts"}],"about":[{"href":"https:\/\/lalupa24.com.ar\/index.php\/wp-json\/wp\/v2\/types\/post"}],"author":[{"embeddable":true,"href":"https:\/\/lalupa24.com.ar\/index.php\/wp-json\/wp\/v2\/users\/2"}],"replies":[{"embeddable":true,"href":"https:\/\/lalupa24.com.ar\/index.php\/wp-json\/wp\/v2\/comments?post=11731"}],"version-history":[{"count":1,"href":"https:\/\/lalupa24.com.ar\/index.php\/wp-json\/wp\/v2\/posts\/11731\/revisions"}],"predecessor-version":[{"id":11733,"href":"https:\/\/lalupa24.com.ar\/index.php\/wp-json\/wp\/v2\/posts\/11731\/revisions\/11733"}],"wp:featuredmedia":[{"embeddable":true,"href":"https:\/\/lalupa24.com.ar\/index.php\/wp-json\/wp\/v2\/media\/11732"}],"wp:attachment":[{"href":"https:\/\/lalupa24.com.ar\/index.php\/wp-json\/wp\/v2\/media?parent=11731"}],"wp:term":[{"taxonomy":"category","embeddable":true,"href":"https:\/\/lalupa24.com.ar\/index.php\/wp-json\/wp\/v2\/categories?post=11731"},{"taxonomy":"post_tag","embeddable":true,"href":"https:\/\/lalupa24.com.ar\/index.php\/wp-json\/wp\/v2\/tags?post=11731"}],"curies":[{"name":"wp","href":"https:\/\/api.w.org\/{rel}","templated":true}]}}