{"id":11745,"date":"2025-09-12T10:41:37","date_gmt":"2025-09-12T13:41:37","guid":{"rendered":"https:\/\/lalupa24.com.ar\/?p=11745"},"modified":"2025-09-12T10:41:38","modified_gmt":"2025-09-12T13:41:38","slug":"los-trabajadores-del-hospital-garrahan-comenzaron-un-nuevo-paro-tras-el-veto-del-gobierno-a-la-emergencia-en-pediatria","status":"publish","type":"post","link":"https:\/\/lalupa24.com.ar\/index.php\/2025\/09\/12\/los-trabajadores-del-hospital-garrahan-comenzaron-un-nuevo-paro-tras-el-veto-del-gobierno-a-la-emergencia-en-pediatria\/","title":{"rendered":"Los trabajadores del Hospital Garrahan comenzaron un nuevo paro tras el veto del Gobierno a la emergencia en pediatr\u00eda"},"content":{"rendered":"\n<p><\/p>\n\n\n\n<p>Los trabajadores del\u00a0<strong>Hospital Garrahan<\/strong>\u00a0iniciaron un nuevo paro en rechazo los\u00a0<strong>vetos<\/strong>\u00a0del presidente\u00a0<strong>Javier Milei\u00a0<\/strong>a la ley de\u00a0<strong>emergencia en pediatr\u00eda<\/strong>\u00a0como al\u00a0<strong>financiamiento universitario<\/strong>. La huelga comenz\u00f3 este viernes las 7 de la ma\u00f1ana y permanecer\u00e1 hasta las 19 horas del d\u00eda domingo. Adem\u00e1s, los voceros de la\u00a0<strong>Asociaci\u00f3n de Trabajadores del Estado\u00a0<\/strong>(ATE) como la\u00a0<strong>Asociaci\u00f3n Civil y Gremial de Profesionales y T\u00e9cnicos<\/strong>\u00a0(APyT) adelantaron que prev\u00e9n realizar una nueva movilizaci\u00f3n.<\/p>\n","protected":false},"excerpt":{"rendered":"<p>Los trabajadores del\u00a0Hospital Garrahan\u00a0iniciaron un nuevo paro en rechazo los\u00a0vetos\u00a0del presidente\u00a0Javier Milei\u00a0a la ley de\u00a0emergencia en pediatr\u00eda\u00a0como al\u00a0financiamiento universitario. La huelga comenz\u00f3 este viernes las 7 de la ma\u00f1ana y permanecer\u00e1 hasta las 19 horas del d\u00eda domingo. Adem\u00e1s, los voceros de la\u00a0Asociaci\u00f3n de Trabajadores del Estado\u00a0(ATE) como la\u00a0Asociaci\u00f3n Civil y Gremial de Profesionales y [&hellip;]<\/p>\n","protected":false},"author":2,"featured_media":11746,"comment_status":"open","ping_status":"open","sticky":false,"template":"","format":"standard","meta":{"footnotes":""},"categories":[26],"tags":[],"class_list":{"0":"post-11745","1":"post","2":"type-post","3":"status-publish","4":"format-standard","5":"has-post-thumbnail","7":"category-nacionales"},"aioseo_notices":[],"_links":{"self":[{"href":"https:\/\/lalupa24.com.ar\/index.php\/wp-json\/wp\/v2\/posts\/11745","targetHints":{"allow":["GET"]}}],"collection":[{"href":"https:\/\/lalupa24.com.ar\/index.php\/wp-json\/wp\/v2\/posts"}],"about":[{"href":"https:\/\/lalupa24.com.ar\/index.php\/wp-json\/wp\/v2\/types\/post"}],"author":[{"embeddable":true,"href":"https:\/\/lalupa24.com.ar\/index.php\/wp-json\/wp\/v2\/users\/2"}],"replies":[{"embeddable":true,"href":"https:\/\/lalupa24.com.ar\/index.php\/wp-json\/wp\/v2\/comments?post=11745"}],"version-history":[{"count":1,"href":"https:\/\/lalupa24.com.ar\/index.php\/wp-json\/wp\/v2\/posts\/11745\/revisions"}],"predecessor-version":[{"id":11747,"href":"https:\/\/lalupa24.com.ar\/index.php\/wp-json\/wp\/v2\/posts\/11745\/revisions\/11747"}],"wp:featuredmedia":[{"embeddable":true,"href":"https:\/\/lalupa24.com.ar\/index.php\/wp-json\/wp\/v2\/media\/11746"}],"wp:attachment":[{"href":"https:\/\/lalupa24.com.ar\/index.php\/wp-json\/wp\/v2\/media?parent=11745"}],"wp:term":[{"taxonomy":"category","embeddable":true,"href":"https:\/\/lalupa24.com.ar\/index.php\/wp-json\/wp\/v2\/categories?post=11745"},{"taxonomy":"post_tag","embeddable":true,"href":"https:\/\/lalupa24.com.ar\/index.php\/wp-json\/wp\/v2\/tags?post=11745"}],"curies":[{"name":"wp","href":"https:\/\/api.w.org\/{rel}","templated":true}]}}