{"id":11771,"date":"2025-09-01T16:00:00","date_gmt":"2025-09-01T19:00:00","guid":{"rendered":"https:\/\/lalupa24.com.ar\/?p=11771"},"modified":"2025-09-15T09:40:05","modified_gmt":"2025-09-15T12:40:05","slug":"delgado-recibio-a-representantes-del-colegio-de-kinesiologos-del-chaco","status":"publish","type":"post","link":"https:\/\/lalupa24.com.ar\/index.php\/2025\/09\/01\/delgado-recibio-a-representantes-del-colegio-de-kinesiologos-del-chaco\/","title":{"rendered":"Delgado recibi\u00f3 a representantes del Colegio de Kinesi\u00f3logos del Chaco"},"content":{"rendered":"\n<p><\/p>\n\n\n\n<p>La presidente de la Legislatura, Carmen Delgado, mantuvo una reuni\u00f3n con integrantes del Colegio de Kinesi\u00f3logos del Chaco, junto a quienes abord\u00f3 temas referentes al reconocimiento y jerarquizaci\u00f3n de las especialidades en Kinesiolog\u00eda.<\/p>\n\n\n\n<p>En el encuentro, Patricia Iglesias, jefa del Servicio de Kinesiolog\u00eda del Hospital Pedi\u00e1trico \u201cAvelino Castel\u00e1n\u201d, particip\u00f3 en representaci\u00f3n de la comisi\u00f3n directiva del Colegio, acompa\u00f1ada por la presidente de la instituci\u00f3n, Daniela Portillo, y el tesorero, Juan Alberto Cardozo.<\/p>\n\n\n\n<p>En este marco, los profesionales plantearon la necesidad de una adhesi\u00f3n de la provincia a la Resoluci\u00f3n 4187\/23 del Ministerio de Salud de la Naci\u00f3n, que reconoce \u2013en el marco de la Ley N\u00ba 24.317 de Ejercicio Profesional de la Kinesiolog\u00eda, cuatro especialidades: Pedi\u00e1trica, en Cuidados Intensivos, Neurol\u00f3gica y Cardiorrespiratoria. \u201cEste paso permitir\u00eda que el kinesi\u00f3logo especialista se sienta beneficiado despu\u00e9s de tanto trabajo y formaci\u00f3n\u201d, sostuvo Iglesias.<\/p>\n\n\n\n<p>Asimismo, se dialog\u00f3 sobre las gestiones en curso para la regularizaci\u00f3n y categorizaci\u00f3n del kinesi\u00f3logo en el \u00e1mbito p\u00fablico. Al t\u00e9rmino de la reuni\u00f3n, los representantes calificaron el encuentro como \u201cmuy positivo\u201d y resaltaron la apertura y predisposici\u00f3n de la titular del Poder Legislativo.<\/p>\n","protected":false},"excerpt":{"rendered":"<p>La presidente de la Legislatura, Carmen Delgado, mantuvo una reuni\u00f3n con integrantes del Colegio de Kinesi\u00f3logos del Chaco, junto a quienes abord\u00f3 temas referentes al reconocimiento y jerarquizaci\u00f3n de las especialidades en Kinesiolog\u00eda. En el encuentro, Patricia Iglesias, jefa del Servicio de Kinesiolog\u00eda del Hospital Pedi\u00e1trico \u201cAvelino Castel\u00e1n\u201d, particip\u00f3 en representaci\u00f3n de la comisi\u00f3n directiva [&hellip;]<\/p>\n","protected":false},"author":2,"featured_media":11772,"comment_status":"open","ping_status":"open","sticky":false,"template":"","format":"standard","meta":{"footnotes":""},"categories":[28],"tags":[],"class_list":{"0":"post-11771","1":"post","2":"type-post","3":"status-publish","4":"format-standard","5":"has-post-thumbnail","7":"category-locales"},"aioseo_notices":[],"_links":{"self":[{"href":"https:\/\/lalupa24.com.ar\/index.php\/wp-json\/wp\/v2\/posts\/11771","targetHints":{"allow":["GET"]}}],"collection":[{"href":"https:\/\/lalupa24.com.ar\/index.php\/wp-json\/wp\/v2\/posts"}],"about":[{"href":"https:\/\/lalupa24.com.ar\/index.php\/wp-json\/wp\/v2\/types\/post"}],"author":[{"embeddable":true,"href":"https:\/\/lalupa24.com.ar\/index.php\/wp-json\/wp\/v2\/users\/2"}],"replies":[{"embeddable":true,"href":"https:\/\/lalupa24.com.ar\/index.php\/wp-json\/wp\/v2\/comments?post=11771"}],"version-history":[{"count":1,"href":"https:\/\/lalupa24.com.ar\/index.php\/wp-json\/wp\/v2\/posts\/11771\/revisions"}],"predecessor-version":[{"id":11773,"href":"https:\/\/lalupa24.com.ar\/index.php\/wp-json\/wp\/v2\/posts\/11771\/revisions\/11773"}],"wp:featuredmedia":[{"embeddable":true,"href":"https:\/\/lalupa24.com.ar\/index.php\/wp-json\/wp\/v2\/media\/11772"}],"wp:attachment":[{"href":"https:\/\/lalupa24.com.ar\/index.php\/wp-json\/wp\/v2\/media?parent=11771"}],"wp:term":[{"taxonomy":"category","embeddable":true,"href":"https:\/\/lalupa24.com.ar\/index.php\/wp-json\/wp\/v2\/categories?post=11771"},{"taxonomy":"post_tag","embeddable":true,"href":"https:\/\/lalupa24.com.ar\/index.php\/wp-json\/wp\/v2\/tags?post=11771"}],"curies":[{"name":"wp","href":"https:\/\/api.w.org\/{rel}","templated":true}]}}