{"id":11780,"date":"2025-09-05T12:00:00","date_gmt":"2025-09-05T15:00:00","guid":{"rendered":"https:\/\/lalupa24.com.ar\/?p=11780"},"modified":"2025-09-15T09:53:46","modified_gmt":"2025-09-15T12:53:46","slug":"delgado-acompano-el-trabajo-territorial-del-programa-fortaleza-y-el-operativo-dni-en-santa-sylvina","status":"publish","type":"post","link":"https:\/\/lalupa24.com.ar\/index.php\/2025\/09\/05\/delgado-acompano-el-trabajo-territorial-del-programa-fortaleza-y-el-operativo-dni-en-santa-sylvina\/","title":{"rendered":"Delgado acompa\u00f1\u00f3 el trabajo territorial del programa Fortaleza y el operativo DNI en Santa Sylvina"},"content":{"rendered":"\n<p><\/p>\n\n\n\n<p>La presidente del Poder Legislativo, Carmen Delgado, junto a la vicegobernadora Silvana Schneider y la intendente de Santa Sylvina, Susana Maggio, participaron de una jornada de trabajo en esa localidad, en el marco del programa Fortaleza Interior y un operativo DNI.<\/p>\n\n\n\n<p>El programa Fortaleza tiene como prop\u00f3sito establecer una red de apoyo que articule esfuerzos entre diferentes \u00e1reas del gobierno y la sociedad civil, con el objetivo de brindar una respuesta eficaz y coordinada para la prevenci\u00f3n y el tratamiento del consumo problem\u00e1tico en la provincia.<\/p>\n\n\n\n<p>En este sentido, Fortaleza Interior acompa\u00f1a a los gobiernos municipales para generar respuestas locales, ofreciendo instancias de capacitaci\u00f3n, recursos y soporte t\u00e9cnico.<\/p>\n\n\n\n<p>Durante la actividad, Delgado destac\u00f3 que \u201cacompa\u00f1amos el trabajo del programa Fortaleza porque entendemos que es esencial construir redes comunitarias que brinden contenci\u00f3n y respuestas concretas frente a una problem\u00e1tica que atraviesa a muchas familias chaque\u00f1as\u201d.<\/p>\n\n\n\n<p>A la par, se desarroll\u00f3 un operativo DNI, destinado a facilitar a la poblaci\u00f3n el acceso a la documentaci\u00f3n, mediante la obtenci\u00f3n, actualizaci\u00f3n y renovaci\u00f3n del Documento Nacional de Identidad, garantizando as\u00ed un derecho fundamental para el ejercicio pleno de la ciudadan\u00eda.<\/p>\n\n\n\n<p>En este marco, la titular legislativa afirm\u00f3 que \u201cel acceso a la identidad es un derecho b\u00e1sico, y estos operativos permiten que m\u00e1s chaque\u00f1os y chaque\u00f1as cuenten con su documentaci\u00f3n al d\u00eda\u201d.<\/p>\n","protected":false},"excerpt":{"rendered":"<p>La presidente del Poder Legislativo, Carmen Delgado, junto a la vicegobernadora Silvana Schneider y la intendente de Santa Sylvina, Susana Maggio, participaron de una jornada de trabajo en esa localidad, en el marco del programa Fortaleza Interior y un operativo DNI. El programa Fortaleza tiene como prop\u00f3sito establecer una red de apoyo que articule esfuerzos [&hellip;]<\/p>\n","protected":false},"author":2,"featured_media":11781,"comment_status":"open","ping_status":"open","sticky":false,"template":"","format":"standard","meta":{"footnotes":""},"categories":[28],"tags":[],"class_list":{"0":"post-11780","1":"post","2":"type-post","3":"status-publish","4":"format-standard","5":"has-post-thumbnail","7":"category-locales"},"aioseo_notices":[],"_links":{"self":[{"href":"https:\/\/lalupa24.com.ar\/index.php\/wp-json\/wp\/v2\/posts\/11780","targetHints":{"allow":["GET"]}}],"collection":[{"href":"https:\/\/lalupa24.com.ar\/index.php\/wp-json\/wp\/v2\/posts"}],"about":[{"href":"https:\/\/lalupa24.com.ar\/index.php\/wp-json\/wp\/v2\/types\/post"}],"author":[{"embeddable":true,"href":"https:\/\/lalupa24.com.ar\/index.php\/wp-json\/wp\/v2\/users\/2"}],"replies":[{"embeddable":true,"href":"https:\/\/lalupa24.com.ar\/index.php\/wp-json\/wp\/v2\/comments?post=11780"}],"version-history":[{"count":1,"href":"https:\/\/lalupa24.com.ar\/index.php\/wp-json\/wp\/v2\/posts\/11780\/revisions"}],"predecessor-version":[{"id":11782,"href":"https:\/\/lalupa24.com.ar\/index.php\/wp-json\/wp\/v2\/posts\/11780\/revisions\/11782"}],"wp:featuredmedia":[{"embeddable":true,"href":"https:\/\/lalupa24.com.ar\/index.php\/wp-json\/wp\/v2\/media\/11781"}],"wp:attachment":[{"href":"https:\/\/lalupa24.com.ar\/index.php\/wp-json\/wp\/v2\/media?parent=11780"}],"wp:term":[{"taxonomy":"category","embeddable":true,"href":"https:\/\/lalupa24.com.ar\/index.php\/wp-json\/wp\/v2\/categories?post=11780"},{"taxonomy":"post_tag","embeddable":true,"href":"https:\/\/lalupa24.com.ar\/index.php\/wp-json\/wp\/v2\/tags?post=11780"}],"curies":[{"name":"wp","href":"https:\/\/api.w.org\/{rel}","templated":true}]}}