{"id":11804,"date":"2025-09-15T10:27:51","date_gmt":"2025-09-15T13:27:51","guid":{"rendered":"https:\/\/lalupa24.com.ar\/?p=11804"},"modified":"2025-09-15T10:27:53","modified_gmt":"2025-09-15T13:27:53","slug":"hombre-murio-electrocutado-en-un-vivero-y-el-dueno-del-predio-quedo-detenido","status":"publish","type":"post","link":"https:\/\/lalupa24.com.ar\/index.php\/2025\/09\/15\/hombre-murio-electrocutado-en-un-vivero-y-el-dueno-del-predio-quedo-detenido\/","title":{"rendered":"Hombre muri\u00f3 electrocutado en un vivero y el due\u00f1o del predio qued\u00f3 detenido"},"content":{"rendered":"\n<p>Alrededor de las 23:15, efectivos de la Comisar\u00eda D\u00e9cima que patrullaban por la zona encontraron a una persona tendida en el suelo, en dec\u00fabito dorsal, junto al tejido perimetral de una propiedad, por lo que solicitaron de inmediato una ambulancia.<\/p>\n\n\n\n<p>Minutos despu\u00e9s arrib\u00f3 una unidad del Hospital Perrando, donde el personal m\u00e9dico confirm\u00f3 el deceso. El m\u00e9dico policial que examin\u00f3 el cuerpo estableci\u00f3 como causa preliminar de la muerte un \u201cparo cardiorrespiratorio por electrocuci\u00f3n\u201d.<\/p>\n\n\n\n<p>El propietario del inmueble, de 59 a\u00f1os, manifest\u00f3 que en el predio funciona un vivero y que no hab\u00eda advertido lo ocurrido. Con su autorizaci\u00f3n, los uniformados ingresaron y constataron la conexi\u00f3n de un \u201cbollero\u201d el\u00e9ctrico.<\/p>\n\n\n\n<p>Por disposici\u00f3n del fiscal en turno, se secuestr\u00f3 un DVR correspondiente al sistema de c\u00e1maras de seguridad. El cuerpo fue trasladado al IMCIF para la autopsia, mientras que el due\u00f1o del lugar fue conducido a Medicina Legal y posteriormente notificado de su aprehensi\u00f3n en la causa caratulada como \u201cSupuesta muerte por electrocuci\u00f3n\u201d.<\/p>\n","protected":false},"excerpt":{"rendered":"<p>Alrededor de las 23:15, efectivos de la Comisar\u00eda D\u00e9cima que patrullaban por la zona encontraron a una persona tendida en el suelo, en dec\u00fabito dorsal, junto al tejido perimetral de una propiedad, por lo que solicitaron de inmediato una ambulancia. Minutos despu\u00e9s arrib\u00f3 una unidad del Hospital Perrando, donde el personal m\u00e9dico confirm\u00f3 el deceso. [&hellip;]<\/p>\n","protected":false},"author":2,"featured_media":11805,"comment_status":"open","ping_status":"open","sticky":false,"template":"","format":"standard","meta":{"footnotes":""},"categories":[28,155],"tags":[],"class_list":{"0":"post-11804","1":"post","2":"type-post","3":"status-publish","4":"format-standard","5":"has-post-thumbnail","7":"category-locales","8":"category-policiales"},"aioseo_notices":[],"_links":{"self":[{"href":"https:\/\/lalupa24.com.ar\/index.php\/wp-json\/wp\/v2\/posts\/11804","targetHints":{"allow":["GET"]}}],"collection":[{"href":"https:\/\/lalupa24.com.ar\/index.php\/wp-json\/wp\/v2\/posts"}],"about":[{"href":"https:\/\/lalupa24.com.ar\/index.php\/wp-json\/wp\/v2\/types\/post"}],"author":[{"embeddable":true,"href":"https:\/\/lalupa24.com.ar\/index.php\/wp-json\/wp\/v2\/users\/2"}],"replies":[{"embeddable":true,"href":"https:\/\/lalupa24.com.ar\/index.php\/wp-json\/wp\/v2\/comments?post=11804"}],"version-history":[{"count":1,"href":"https:\/\/lalupa24.com.ar\/index.php\/wp-json\/wp\/v2\/posts\/11804\/revisions"}],"predecessor-version":[{"id":11806,"href":"https:\/\/lalupa24.com.ar\/index.php\/wp-json\/wp\/v2\/posts\/11804\/revisions\/11806"}],"wp:featuredmedia":[{"embeddable":true,"href":"https:\/\/lalupa24.com.ar\/index.php\/wp-json\/wp\/v2\/media\/11805"}],"wp:attachment":[{"href":"https:\/\/lalupa24.com.ar\/index.php\/wp-json\/wp\/v2\/media?parent=11804"}],"wp:term":[{"taxonomy":"category","embeddable":true,"href":"https:\/\/lalupa24.com.ar\/index.php\/wp-json\/wp\/v2\/categories?post=11804"},{"taxonomy":"post_tag","embeddable":true,"href":"https:\/\/lalupa24.com.ar\/index.php\/wp-json\/wp\/v2\/tags?post=11804"}],"curies":[{"name":"wp","href":"https:\/\/api.w.org\/{rel}","templated":true}]}}