{"id":11823,"date":"2025-09-01T11:45:08","date_gmt":"2025-09-01T14:45:08","guid":{"rendered":"https:\/\/lalupa24.com.ar\/?p=11823"},"modified":"2025-09-15T11:55:41","modified_gmt":"2025-09-15T14:55:41","slug":"en-san-martin-y-pampa-almiron-amplia-participacion-en-el-curso-participacion-de-equipos-informaticos","status":"publish","type":"post","link":"https:\/\/lalupa24.com.ar\/index.php\/2025\/09\/01\/en-san-martin-y-pampa-almiron-amplia-participacion-en-el-curso-participacion-de-equipos-informaticos\/","title":{"rendered":"En San Mart\u00edn y Pampa Almir\u00f3n: amplia participaci\u00f3n en el curso &#8220;Participaci\u00f3n de equipos informaticos&#8221;"},"content":{"rendered":"\n<p>Con una convocatoria que super\u00f3 ampliamente las expectativas, la Fundaci\u00f3n Soy Chaco llev\u00f3 adelante el curso de capacitaci\u00f3n \u201cReparaci\u00f3n de Equipos Inform\u00e1ticos\u201d en las localidades de General San Mart\u00edn y Pampa Almir\u00f3n.<\/p>\n\n\n\n<p>Se trat\u00f3 de la primera capacitaci\u00f3n t\u00e9cnica en ambas localidades, convirti\u00e9ndose en una oportunidad in\u00e9dita para j\u00f3venes y adultos que buscan acceder a conocimientos vinculados con la tecnolog\u00eda y la inclusi\u00f3n digital. Muchos participantes, tambi\u00e9n se sumaron el d\u00eda s\u00e1bado desde Selvas del R\u00edo de Oro y de La Eduvigis donde recibieron formaci\u00f3n pr\u00e1ctica en diagn\u00f3stico, mantenimiento y reparaci\u00f3n de computadoras y dispositivos electr\u00f3nicos; contando con materiales, herramientas y acompa\u00f1amiento especializado.<br>\u201cLa respuesta de la comunidad fue incre\u00edble. Ver a j\u00f3venes y adultos de distintas localidades trabajando juntos, aprendiendo y compartiendo, nos confirma que este tipo de iniciativas tienen un impacto real y transformador\u201d, destac\u00f3 la Directora Mar\u00eda Martina, desde la Fundaci\u00f3n.<\/p>\n\n\n\n<p>Una red de oportunidades para el interior chaque\u00f1o<br>La funcionaria provincial Martina subray\u00f3 que \u201ceste curso representa el primer paso hacia una red de oportunidades formativas que se busca expandir por distintas localidades del interior provincial\u201d.<br>\u201cEstamos convencidos del poder transformador del conocimiento. Apostamos a la capacitaci\u00f3n t\u00e9cnica porque sabemos que brinda m\u00e1s y mejores oportunidades de desarrollo para nuestras comunidades\u201d- concluy\u00f3.<\/p>\n\n\n\n<p>Pr\u00f3ximos desaf\u00edos<br>Tras el \u00e9xito alcanzado en San Mart\u00edn y en Pampa Almir\u00f3n, la Fundaci\u00f3n Soy Chaco confirm\u00f3 que ya se est\u00e1n evaluando nuevas sedes para replicar la experiencia y continuar fortaleciendo la formaci\u00f3n tecnol\u00f3gica en el interior chaque\u00f1o.<\/p>\n","protected":false},"excerpt":{"rendered":"<p>Con una convocatoria que super\u00f3 ampliamente las expectativas, la Fundaci\u00f3n Soy Chaco llev\u00f3 adelante el curso de capacitaci\u00f3n \u201cReparaci\u00f3n de Equipos Inform\u00e1ticos\u201d en las localidades de General San Mart\u00edn y Pampa Almir\u00f3n. Se trat\u00f3 de la primera capacitaci\u00f3n t\u00e9cnica en ambas localidades, convirti\u00e9ndose en una oportunidad in\u00e9dita para j\u00f3venes y adultos que buscan acceder a [&hellip;]<\/p>\n","protected":false},"author":2,"featured_media":11824,"comment_status":"open","ping_status":"open","sticky":false,"template":"","format":"standard","meta":{"footnotes":""},"categories":[28],"tags":[],"class_list":{"0":"post-11823","1":"post","2":"type-post","3":"status-publish","4":"format-standard","5":"has-post-thumbnail","7":"category-locales"},"aioseo_notices":[],"_links":{"self":[{"href":"https:\/\/lalupa24.com.ar\/index.php\/wp-json\/wp\/v2\/posts\/11823","targetHints":{"allow":["GET"]}}],"collection":[{"href":"https:\/\/lalupa24.com.ar\/index.php\/wp-json\/wp\/v2\/posts"}],"about":[{"href":"https:\/\/lalupa24.com.ar\/index.php\/wp-json\/wp\/v2\/types\/post"}],"author":[{"embeddable":true,"href":"https:\/\/lalupa24.com.ar\/index.php\/wp-json\/wp\/v2\/users\/2"}],"replies":[{"embeddable":true,"href":"https:\/\/lalupa24.com.ar\/index.php\/wp-json\/wp\/v2\/comments?post=11823"}],"version-history":[{"count":1,"href":"https:\/\/lalupa24.com.ar\/index.php\/wp-json\/wp\/v2\/posts\/11823\/revisions"}],"predecessor-version":[{"id":11825,"href":"https:\/\/lalupa24.com.ar\/index.php\/wp-json\/wp\/v2\/posts\/11823\/revisions\/11825"}],"wp:featuredmedia":[{"embeddable":true,"href":"https:\/\/lalupa24.com.ar\/index.php\/wp-json\/wp\/v2\/media\/11824"}],"wp:attachment":[{"href":"https:\/\/lalupa24.com.ar\/index.php\/wp-json\/wp\/v2\/media?parent=11823"}],"wp:term":[{"taxonomy":"category","embeddable":true,"href":"https:\/\/lalupa24.com.ar\/index.php\/wp-json\/wp\/v2\/categories?post=11823"},{"taxonomy":"post_tag","embeddable":true,"href":"https:\/\/lalupa24.com.ar\/index.php\/wp-json\/wp\/v2\/tags?post=11823"}],"curies":[{"name":"wp","href":"https:\/\/api.w.org\/{rel}","templated":true}]}}