{"id":11826,"date":"2025-09-15T11:58:31","date_gmt":"2025-09-15T14:58:31","guid":{"rendered":"https:\/\/lalupa24.com.ar\/?p=11826"},"modified":"2025-09-15T11:58:33","modified_gmt":"2025-09-15T14:58:33","slug":"el-presidente-le-tomo-juramento-a-lisandro-catalan-como-ministro-del-interior","status":"publish","type":"post","link":"https:\/\/lalupa24.com.ar\/index.php\/2025\/09\/15\/el-presidente-le-tomo-juramento-a-lisandro-catalan-como-ministro-del-interior\/","title":{"rendered":"El Presidente le tom\u00f3 juramento a Lisandro Catal\u00e1n como ministro del Interior"},"content":{"rendered":"\n<p>Los principales funcionarios del Gabinete de\u00a0Javier Milei\u00a0se reunieron este lunes en\u00a0Casa Rosada, donde cerca de las 12 del mediod\u00eda\u00a0Lisandro Catal\u00e1n -flamante nuevo ministro del Interior- jur\u00f3 ante el Presidente de la Naci\u00f3n y las principales autoridades.<\/p>\n\n\n\n<p>En un breve acto, que dur\u00f3 menos de 2 minutos, el presidente ley\u00f3 el texto habitual de este tipo de ceremonias para dar inicio a la gesti\u00f3n del nuevo funcionario, luego de que se oficializara su designaci\u00f3n en el boletin oficial durante esta ma\u00f1ana<\/p>\n\n\n\n<p><\/p>\n","protected":false},"excerpt":{"rendered":"<p>Los principales funcionarios del Gabinete de\u00a0Javier Milei\u00a0se reunieron este lunes en\u00a0Casa Rosada, donde cerca de las 12 del mediod\u00eda\u00a0Lisandro Catal\u00e1n -flamante nuevo ministro del Interior- jur\u00f3 ante el Presidente de la Naci\u00f3n y las principales autoridades. En un breve acto, que dur\u00f3 menos de 2 minutos, el presidente ley\u00f3 el texto habitual de este tipo [&hellip;]<\/p>\n","protected":false},"author":2,"featured_media":11827,"comment_status":"open","ping_status":"open","sticky":false,"template":"","format":"standard","meta":{"footnotes":""},"categories":[26],"tags":[],"class_list":{"0":"post-11826","1":"post","2":"type-post","3":"status-publish","4":"format-standard","5":"has-post-thumbnail","7":"category-nacionales"},"aioseo_notices":[],"_links":{"self":[{"href":"https:\/\/lalupa24.com.ar\/index.php\/wp-json\/wp\/v2\/posts\/11826","targetHints":{"allow":["GET"]}}],"collection":[{"href":"https:\/\/lalupa24.com.ar\/index.php\/wp-json\/wp\/v2\/posts"}],"about":[{"href":"https:\/\/lalupa24.com.ar\/index.php\/wp-json\/wp\/v2\/types\/post"}],"author":[{"embeddable":true,"href":"https:\/\/lalupa24.com.ar\/index.php\/wp-json\/wp\/v2\/users\/2"}],"replies":[{"embeddable":true,"href":"https:\/\/lalupa24.com.ar\/index.php\/wp-json\/wp\/v2\/comments?post=11826"}],"version-history":[{"count":1,"href":"https:\/\/lalupa24.com.ar\/index.php\/wp-json\/wp\/v2\/posts\/11826\/revisions"}],"predecessor-version":[{"id":11828,"href":"https:\/\/lalupa24.com.ar\/index.php\/wp-json\/wp\/v2\/posts\/11826\/revisions\/11828"}],"wp:featuredmedia":[{"embeddable":true,"href":"https:\/\/lalupa24.com.ar\/index.php\/wp-json\/wp\/v2\/media\/11827"}],"wp:attachment":[{"href":"https:\/\/lalupa24.com.ar\/index.php\/wp-json\/wp\/v2\/media?parent=11826"}],"wp:term":[{"taxonomy":"category","embeddable":true,"href":"https:\/\/lalupa24.com.ar\/index.php\/wp-json\/wp\/v2\/categories?post=11826"},{"taxonomy":"post_tag","embeddable":true,"href":"https:\/\/lalupa24.com.ar\/index.php\/wp-json\/wp\/v2\/tags?post=11826"}],"curies":[{"name":"wp","href":"https:\/\/api.w.org\/{rel}","templated":true}]}}